{"id":38304,"date":"2016-06-21T17:42:02","date_gmt":"2016-06-21T22:42:02","guid":{"rendered":"http:\/\/www.biblia.work\/sermones\/mensaje-al-congreso-eucaristico-de-costa-rica\/"},"modified":"2016-06-21T17:42:02","modified_gmt":"2016-06-21T22:42:02","slug":"mensaje-al-congreso-eucaristico-de-costa-rica","status":"publish","type":"post","link":"https:\/\/www.biblia.work\/sermones\/mensaje-al-congreso-eucaristico-de-costa-rica\/","title":{"rendered":"Mensaje al Congreso Eucar\u00edstico de Costa Rica"},"content":{"rendered":"<p align=\"justify\"><b>Mensaje al Congreso Eucar\u00edstico de Costa Rica<\/b><\/p>\n<p align=\"justify\">El cardenal <b>Tarcisio Bertone<\/b>, Secretario de Estado, ha enviado un breve mensaje, en nombre del Santo Padre a los organizadores y participantes en <b>el Congreso Eucar\u00edstico Nacional que se celebra en Costa Rica y cuyo lema es \u201cLa Eucarist\u00eda: Pan de vida para nuestro pueblo\u201d<\/b><\/p>\n<p align=\"justify\">El Papa invita a todos \u00b4\u201da intensificar su vida de oraci\u00f3n, haciendo de la Eucarist\u00eda, verdadero centro de las comunidades cristianas, donde la alabanza y la acci\u00f3n de gracias sean impulso para un renovado compromiso evangelizador y de comuni\u00f3n eclesial. Que del Sant\u00edsimo Sacramento del altar todos los bautizados puedan sacar copiosas energ\u00edas espirituales para construir un mundo cada vez m\u00e1s justo y reconciliado, seg\u00fan el mensaje de Nuestro Se\u00f1or Jesucristo\u201d.<\/p>\n<p align=\"justify\">\u201cCon estos sentimientos -concluye el texto- el Sumo Pont\u00edfice conf\u00eda a la amorosa protecci\u00f3n de Nuestra Se\u00f1ora de los \u00c1ngeles a los pastores y fieles que peregrinan hacia la Casa del Padre en Costa Rica y como signo de abundantes dones divinos, les imparte con afecto la implorada bendici\u00f3n apost\u00f3lica\u201d.<\/p>\n<p align=\"right\">Ciudad del Vaticano, 22 abril 2013 (VIS).-<\/p>\n","protected":false},"excerpt":{"rendered":"<p>Mensaje al Congreso Eucar\u00edstico de Costa Rica El cardenal Tarcisio Bertone, Secretario de Estado, ha enviado un breve mensaje, en nombre del Santo Padre a los organizadores y participantes en el Congreso Eucar\u00edstico Nacional que se celebra en Costa Rica y cuyo lema es \u201cLa Eucarist\u00eda: Pan de vida para nuestro pueblo\u201d El Papa invita &hellip; <a href=\"https:\/\/www.biblia.work\/sermones\/mensaje-al-congreso-eucaristico-de-costa-rica\/\" class=\"more-link\">Continuar leyendo<span class=\"screen-reader-text\"> \u00abMensaje al Congreso Eucar\u00edstico de Costa Rica\u00bb<\/span><\/a><\/p>\n","protected":false},"author":1,"featured_media":0,"comment_status":"open","ping_status":"closed","sticky":false,"template":"","format":"standard","meta":{"footnotes":""},"categories":[1],"tags":[],"class_list":["post-38304","post","type-post","status-publish","format-standard","hentry","category-general"],"_links":{"self":[{"href":"https:\/\/www.biblia.work\/sermones\/wp-json\/wp\/v2\/posts\/38304","targetHints":{"allow":["GET"]}}],"collection":[{"href":"https:\/\/www.biblia.work\/sermones\/wp-json\/wp\/v2\/posts"}],"about":[{"href":"https:\/\/www.biblia.work\/sermones\/wp-json\/wp\/v2\/types\/post"}],"author":[{"embeddable":true,"href":"https:\/\/www.biblia.work\/sermones\/wp-json\/wp\/v2\/users\/1"}],"replies":[{"embeddable":true,"href":"https:\/\/www.biblia.work\/sermones\/wp-json\/wp\/v2\/comments?post=38304"}],"version-history":[{"count":0,"href":"https:\/\/www.biblia.work\/sermones\/wp-json\/wp\/v2\/posts\/38304\/revisions"}],"wp:attachment":[{"href":"https:\/\/www.biblia.work\/sermones\/wp-json\/wp\/v2\/media?parent=38304"}],"wp:term":[{"taxonomy":"category","embeddable":true,"href":"https:\/\/www.biblia.work\/sermones\/wp-json\/wp\/v2\/categories?post=38304"},{"taxonomy":"post_tag","embeddable":true,"href":"https:\/\/www.biblia.work\/sermones\/wp-json\/wp\/v2\/tags?post=38304"}],"curies":[{"name":"wp","href":"https:\/\/api.w.org\/{rel}","templated":true}]}}