{"id":38305,"date":"2016-06-21T17:42:12","date_gmt":"2016-06-21T22:42:12","guid":{"rendered":"http:\/\/www.biblia.work\/sermones\/museos-vaticanos-seran-escenarios-de-21-citas-con-la-musica\/"},"modified":"2016-06-21T17:42:12","modified_gmt":"2016-06-21T22:42:12","slug":"museos-vaticanos-seran-escenarios-de-21-citas-con-la-musica","status":"publish","type":"post","link":"https:\/\/www.biblia.work\/sermones\/museos-vaticanos-seran-escenarios-de-21-citas-con-la-musica\/","title":{"rendered":"Museos Vaticanos ser\u00e1n escenarios de 21 citas con la m\u00fasica"},"content":{"rendered":"<p align=\"justify\"><b>Museos Vaticanos ser\u00e1n escenarios de 21 citas con la m\u00fasica<\/b><\/p>\n<p align=\"justify\"><b>\u00a0A partir del 3 de mayo y hasta finales de octubre<\/b>, excepto en el mes de agosto, los <b>Museos Vaticanos ser\u00e1n el escenario de 21 citas con la m\u00fasica<\/b>. Todos los viernes, a las 20,30, -durante la apertura nocturna de las 19,30 a las 23,00- la <b>m\u00fasica de Brahms, Debussy, Beethoven y tambi\u00e9n de Respighi, Piazzolla y Mendelssohn<\/b> resonar\u00e1 en el Sal\u00f3n de Rafael, el Museo Gregoriano, las terrazas de la Pinacoteca o el Patio de la Pi\u00f1a.<\/p>\n<p align=\"justify\">La rese\u00f1a musical titulada \u201cLa belleza escuchada\u201d, es fruto de la colaboraci\u00f3n entre los Museos Vaticanos, la Venaria Real (obra maestra del barroco, declarada Patrimonio de la Humanidad), y el Conservatorio Verdi de Tur\u00edn. La iniciativa parte de la convicci\u00f3n de que los Museos y la Venaria no son solamente colecciones, arquitectura, historia y culto de un pasado, sino lugar ideal de encuentro para todos los que quieren transformar el arte en una pasi\u00f3n que compartir. Ya en la Estancia de la Signatura de Rafael, en el coraz\u00f3n de los \u201cMuseos del Papa\u201d, un \u00e1ngel que introduce a la contemplaci\u00f3n del Parnaso -donde Apolo, dios de la Poes\u00eda y la Belleza, toca la c\u00edtara rodeado por las musas que representan a todas las artes- lleva en un pergamino la frase \u201cNumine afflatur\u201d, para indicar que el Arte en todas sus manifestaciones est\u00e1 inspirado por la divinidad.<\/p>\n<p align=\"justify\">La belleza de la m\u00fasica y la belleza de las artes figurativas est\u00e1n unidas, dice Rafael, representando al Apolo Citaredo en el centro de su corte celestial ,y esta unidad es la que quieren demostrar los j\u00f3venes del Conservatorio Giuseppe Verdi de Tur\u00edn en los conciertos de los viernes en los Museos Vaticanos y en la Venaria Real turinesa todos los s\u00e1bados de mayo a junio durante los fines de semana de septiembre a octubre (por la tarde) y durante la apertura nocturna de ese complejo del 22 de junio al 27 de julio.<\/p>\n<p align=\"justify\">La Direcci\u00f3n de los Museos Vaticanos ha predispuesto, adem\u00e1s, una serie de visitas tem\u00e1ticas guiadas sobre la iconograf\u00eda musical dentro de los Museos, articul\u00e1ndolas en viernes alternados, con dos recorridos: \u201cLa Pinacoteca: m\u00fasica para ver\u201d y \u201cEl Museo Gregoriano Profano y el Museo P\u00edo Clementino: testimonios musicales del mundo antiguo\u201d.<\/p>\n<p align=\"justify\">El programa completo de \u201cLa belleza escuchada\u201d (Il Bello da Sentire), las informaciones relativas a los lugares que ser\u00e1n sede de los conciertos y los detalles de las visitas guiadas \u201cmusicales\u201d, est\u00e1n disponibles en el web de los Museos Vaticanos : www.museivaticani.va<\/p>\n<p align=\"justify\">&nbsp;<\/p>\n<p align=\"right\">Ciudad del Vaticano, 19 abril 2013 (VIS).-<\/p>\n","protected":false},"excerpt":{"rendered":"<p>Museos Vaticanos ser\u00e1n escenarios de 21 citas con la m\u00fasica \u00a0A partir del 3 de mayo y hasta finales de octubre, excepto en el mes de agosto, los Museos Vaticanos ser\u00e1n el escenario de 21 citas con la m\u00fasica. Todos los viernes, a las 20,30, -durante la apertura nocturna de las 19,30 a las 23,00- &hellip; <a href=\"https:\/\/www.biblia.work\/sermones\/museos-vaticanos-seran-escenarios-de-21-citas-con-la-musica\/\" class=\"more-link\">Continuar leyendo<span class=\"screen-reader-text\"> \u00abMuseos Vaticanos ser\u00e1n escenarios de 21 citas con la m\u00fasica\u00bb<\/span><\/a><\/p>\n","protected":false},"author":1,"featured_media":0,"comment_status":"open","ping_status":"closed","sticky":false,"template":"","format":"standard","meta":{"footnotes":""},"categories":[1],"tags":[],"class_list":["post-38305","post","type-post","status-publish","format-standard","hentry","category-general"],"_links":{"self":[{"href":"https:\/\/www.biblia.work\/sermones\/wp-json\/wp\/v2\/posts\/38305","targetHints":{"allow":["GET"]}}],"collection":[{"href":"https:\/\/www.biblia.work\/sermones\/wp-json\/wp\/v2\/posts"}],"about":[{"href":"https:\/\/www.biblia.work\/sermones\/wp-json\/wp\/v2\/types\/post"}],"author":[{"embeddable":true,"href":"https:\/\/www.biblia.work\/sermones\/wp-json\/wp\/v2\/users\/1"}],"replies":[{"embeddable":true,"href":"https:\/\/www.biblia.work\/sermones\/wp-json\/wp\/v2\/comments?post=38305"}],"version-history":[{"count":0,"href":"https:\/\/www.biblia.work\/sermones\/wp-json\/wp\/v2\/posts\/38305\/revisions"}],"wp:attachment":[{"href":"https:\/\/www.biblia.work\/sermones\/wp-json\/wp\/v2\/media?parent=38305"}],"wp:term":[{"taxonomy":"category","embeddable":true,"href":"https:\/\/www.biblia.work\/sermones\/wp-json\/wp\/v2\/categories?post=38305"},{"taxonomy":"post_tag","embeddable":true,"href":"https:\/\/www.biblia.work\/sermones\/wp-json\/wp\/v2\/tags?post=38305"}],"curies":[{"name":"wp","href":"https:\/\/api.w.org\/{rel}","templated":true}]}}