{"id":38306,"date":"2016-06-21T17:42:16","date_gmt":"2016-06-21T22:42:16","guid":{"rendered":"http:\/\/www.biblia.work\/sermones\/el-papa-francisco-recibe-al-presidente-de-la-republica-de-ecuador-rafael-correa-delgado\/"},"modified":"2016-06-21T17:42:16","modified_gmt":"2016-06-21T22:42:16","slug":"el-papa-francisco-recibe-al-presidente-de-la-republica-de-ecuador-rafael-correa-delgado","status":"publish","type":"post","link":"https:\/\/www.biblia.work\/sermones\/el-papa-francisco-recibe-al-presidente-de-la-republica-de-ecuador-rafael-correa-delgado\/","title":{"rendered":"El Papa Francisco recibe al presidente de la Rep\u00fablica de Ecuador, Rafael Correa Delgado"},"content":{"rendered":"<p align=\"justify\"><b>El Papa Francisco recibe al presidente de la Rep\u00fablica de Ecuador, Rafael Correa Delgado<br \/>\n<\/b><\/p>\n<p align=\"justify\">Centralidad de la justicia social y la solidaridad<\/p>\n<p align=\"justify\">Esta ma\u00f1ana en el Palacio Apost\u00f3lico Vaticano, el Santo Padre ha recibido en audiencia a <b>Rafael Correa Delgado<\/b>, Presidente de la Rep\u00fablica de Ecuador que, sucesivamente, se ha encontrado con el cardenal <b>Tarcisio Bertone<\/b>, Secretario de Estado, a quien acompa\u00f1aba el arzobispo Dominique Mamberti, Secretario para las Relaciones con los Estados.<\/p>\n<p align=\"justify\">En las conversaciones, que han tenido lugar en un clima de cordialidad, se ha tratado de la relevante aportaci\u00f3n de la Iglesia Cat\u00f3lica en los diversos sectores de la vida social del Pa\u00eds y de la importancia de un di\u00e1logo sincero y permanente entre la Iglesia y el Estado para hacer frente a los retos fundamentales de la sociedad.<\/p>\n<p align=\"justify\">Se ha discutido despu\u00e9s de la centralidad de la justicia social y del valor de la solidaridad y la subsidiariedad en la b\u00fasqueda del bien com\u00fan. Por \u00faltimo, se ha hablado de temas de actualidad de la Regi\u00f3n, del respeto de las poblaciones ind\u00edgenas, de su cultura y de la protecci\u00f3n del ambiente.<\/p>\n<p align=\"justify\">&nbsp;<\/p>\n<p align=\"right\">Ciudad del Vaticano, 19 abril 2013 (VIS).-<\/p>\n","protected":false},"excerpt":{"rendered":"<p>El Papa Francisco recibe al presidente de la Rep\u00fablica de Ecuador, Rafael Correa Delgado Centralidad de la justicia social y la solidaridad Esta ma\u00f1ana en el Palacio Apost\u00f3lico Vaticano, el Santo Padre ha recibido en audiencia a Rafael Correa Delgado, Presidente de la Rep\u00fablica de Ecuador que, sucesivamente, se ha encontrado con el cardenal Tarcisio &hellip; <a href=\"https:\/\/www.biblia.work\/sermones\/el-papa-francisco-recibe-al-presidente-de-la-republica-de-ecuador-rafael-correa-delgado\/\" class=\"more-link\">Continuar leyendo<span class=\"screen-reader-text\"> \u00abEl Papa Francisco recibe al presidente de la Rep\u00fablica de Ecuador, Rafael Correa Delgado\u00bb<\/span><\/a><\/p>\n","protected":false},"author":1,"featured_media":0,"comment_status":"open","ping_status":"closed","sticky":false,"template":"","format":"standard","meta":{"footnotes":""},"categories":[1],"tags":[],"class_list":["post-38306","post","type-post","status-publish","format-standard","hentry","category-general"],"_links":{"self":[{"href":"https:\/\/www.biblia.work\/sermones\/wp-json\/wp\/v2\/posts\/38306","targetHints":{"allow":["GET"]}}],"collection":[{"href":"https:\/\/www.biblia.work\/sermones\/wp-json\/wp\/v2\/posts"}],"about":[{"href":"https:\/\/www.biblia.work\/sermones\/wp-json\/wp\/v2\/types\/post"}],"author":[{"embeddable":true,"href":"https:\/\/www.biblia.work\/sermones\/wp-json\/wp\/v2\/users\/1"}],"replies":[{"embeddable":true,"href":"https:\/\/www.biblia.work\/sermones\/wp-json\/wp\/v2\/comments?post=38306"}],"version-history":[{"count":0,"href":"https:\/\/www.biblia.work\/sermones\/wp-json\/wp\/v2\/posts\/38306\/revisions"}],"wp:attachment":[{"href":"https:\/\/www.biblia.work\/sermones\/wp-json\/wp\/v2\/media?parent=38306"}],"wp:term":[{"taxonomy":"category","embeddable":true,"href":"https:\/\/www.biblia.work\/sermones\/wp-json\/wp\/v2\/categories?post=38306"},{"taxonomy":"post_tag","embeddable":true,"href":"https:\/\/www.biblia.work\/sermones\/wp-json\/wp\/v2\/tags?post=38306"}],"curies":[{"name":"wp","href":"https:\/\/api.w.org\/{rel}","templated":true}]}}