{"id":38307,"date":"2016-06-21T17:42:20","date_gmt":"2016-06-21T22:42:20","guid":{"rendered":"http:\/\/www.biblia.work\/sermones\/el-padre-lombardi-mejor-comunicador-del-ano-segun-allianz-seguros\/"},"modified":"2016-06-21T17:42:20","modified_gmt":"2016-06-21T22:42:20","slug":"el-padre-lombardi-mejor-comunicador-del-ano-segun-allianz-seguros","status":"publish","type":"post","link":"https:\/\/www.biblia.work\/sermones\/el-padre-lombardi-mejor-comunicador-del-ano-segun-allianz-seguros\/","title":{"rendered":"El padre Lombardi, mejor comunicador del a\u00f1o seg\u00fan Allianz Seguros"},"content":{"rendered":"<p align=\"justify\"><em>El padre Lombardi, mejor comunicador del a\u00f1o seg\u00fan Allianz Seguros<\/em><\/p>\n<p align=\"justify\">El grupo de seguros Allianz, presente en m\u00e1s de 70 pa\u00edses y con ochenta millones de clientes en todo el mundo, ha otorgado al Director de la Oficina de Prensa de la Santa Sede, Padre Federico Lombardi S.I, el Premio Mejor Comunicador del A\u00f1o.<\/p>\n<p align=\"justify\">El galard\u00f3n le ha sido otorgado esta ma\u00f1ana en el \u00e1mbito de la reuni\u00f3n de los directores de comunicaci\u00f3n de esa compa\u00f1\u00eda que, procedentes de todo el mundo, se encuentran una vez al a\u00f1o en una capital europea para analizar temas y estrategias ligados al mundo de la comunicaci\u00f3n, tambi\u00e9n con la aportaci\u00f3n de personas expertas en esa materia.<\/p>\n<p align=\"justify\">Entre los motivos del premio, Allianz se\u00f1ala que el Padre Lombardi \u201crepresenta la clave para entender e interpretar la Santa Sede con gran cultura y experiencia, sin querer hacerse protagonista\u201d y a\u00f1ade que el director de la Oficina de Prensa ha estado siempre \u201cal servicio de la informaci\u00f3n, sea de la parte de quien la tiene como del que la solicita&#8221;.<\/p>\n","protected":false},"excerpt":{"rendered":"<p>El padre Lombardi, mejor comunicador del a\u00f1o seg\u00fan Allianz Seguros El grupo de seguros Allianz, presente en m\u00e1s de 70 pa\u00edses y con ochenta millones de clientes en todo el mundo, ha otorgado al Director de la Oficina de Prensa de la Santa Sede, Padre Federico Lombardi S.I, el Premio Mejor Comunicador del A\u00f1o. El &hellip; <a href=\"https:\/\/www.biblia.work\/sermones\/el-padre-lombardi-mejor-comunicador-del-ano-segun-allianz-seguros\/\" class=\"more-link\">Continuar leyendo<span class=\"screen-reader-text\"> \u00abEl padre Lombardi, mejor comunicador del a\u00f1o seg\u00fan Allianz Seguros\u00bb<\/span><\/a><\/p>\n","protected":false},"author":1,"featured_media":0,"comment_status":"open","ping_status":"closed","sticky":false,"template":"","format":"standard","meta":{"footnotes":""},"categories":[1],"tags":[],"class_list":["post-38307","post","type-post","status-publish","format-standard","hentry","category-general"],"_links":{"self":[{"href":"https:\/\/www.biblia.work\/sermones\/wp-json\/wp\/v2\/posts\/38307","targetHints":{"allow":["GET"]}}],"collection":[{"href":"https:\/\/www.biblia.work\/sermones\/wp-json\/wp\/v2\/posts"}],"about":[{"href":"https:\/\/www.biblia.work\/sermones\/wp-json\/wp\/v2\/types\/post"}],"author":[{"embeddable":true,"href":"https:\/\/www.biblia.work\/sermones\/wp-json\/wp\/v2\/users\/1"}],"replies":[{"embeddable":true,"href":"https:\/\/www.biblia.work\/sermones\/wp-json\/wp\/v2\/comments?post=38307"}],"version-history":[{"count":0,"href":"https:\/\/www.biblia.work\/sermones\/wp-json\/wp\/v2\/posts\/38307\/revisions"}],"wp:attachment":[{"href":"https:\/\/www.biblia.work\/sermones\/wp-json\/wp\/v2\/media?parent=38307"}],"wp:term":[{"taxonomy":"category","embeddable":true,"href":"https:\/\/www.biblia.work\/sermones\/wp-json\/wp\/v2\/categories?post=38307"},{"taxonomy":"post_tag","embeddable":true,"href":"https:\/\/www.biblia.work\/sermones\/wp-json\/wp\/v2\/tags?post=38307"}],"curies":[{"name":"wp","href":"https:\/\/api.w.org\/{rel}","templated":true}]}}