{"id":38308,"date":"2016-06-21T17:42:24","date_gmt":"2016-06-21T22:42:24","guid":{"rendered":"http:\/\/www.biblia.work\/sermones\/el-papa-francisco-recibe-a-los-agustinos-recoletos\/"},"modified":"2016-06-21T17:42:24","modified_gmt":"2016-06-21T22:42:24","slug":"el-papa-francisco-recibe-a-los-agustinos-recoletos","status":"publish","type":"post","link":"https:\/\/www.biblia.work\/sermones\/el-papa-francisco-recibe-a-los-agustinos-recoletos\/","title":{"rendered":"El Papa Francisco recibe a los Agustinos Recoletos"},"content":{"rendered":"<p align=\"justify\"><b>El Papa Francisco recibe a los Agustinos Recoletos<\/b><\/p>\n<p align=\"justify\">El consejo general y los ocho priores provinciales de la <b>Orden de Agustinos Recoletos asistimos<\/b> el 10 de abril <b>a la audiencia del Papa Francisco<\/b>.<\/p>\n<p align=\"justify\">Fue para todos nosotros una experiencia de comuni\u00f3n y a la vez un gesto de disponibilidad. El Santo Padre nos record\u00f3 que somos hijos de Dios: \u00ab\u00a1Podemos vivir como hijos! Esa es nuestra dignidad, tenemos dignidad de hijos. Comport\u00e9monos como verdaderos hijos. Esto significa que cada d\u00eda tenemos que dejar que Cristo nos transforme\u2026 significa tratar de vivir como cristianos, tratar de seguirle, incluso si vemos nuestras limitaciones y debilidades\u00bb.<\/p>\n<p align=\"justify\">&nbsp;<\/p>\n<p align=\"justify\">Al saludar personalmente al Papa Francisco le manifest\u00e9 que los agustinos recoletos estamos a su disposici\u00f3n. Estamos en diecinueve naciones, tambi\u00e9n en Argentina \u2013le dije\u2013. Me respondi\u00f3 con una sonrisa, diciendo: \u00abYa los conozco\u00bb. A mi lado un ni\u00f1o le entreg\u00f3 un dibujo en que le dec\u00eda que verle a \u00e9l le recordaba que Dios es su pap\u00e1. El Santo Padre le agradeci\u00f3 el dibujo con un abrazo.<\/p>\n<p align=\"justify\">El consejo general y los priores provinciales hemos mandado un mensaje al Santo Padre, y en \u00e9l le decimos que nos hemos alegrado mucho de que el Se\u00f1or le haya elegido como Obispo de Roma y Pastor de toda la Iglesia. Sus palabras nos llegan al coraz\u00f3n y sus gestos nos animan a vivir el Evangelio. Le manifestamos tambi\u00e9n que deseamos ser fieles al carisma recibido y para ello, con nuestra oraci\u00f3n, nuestra vida comunitaria y el servicio a la Iglesia deseamos revivir el esp\u00edritu de san Agust\u00edn y buscar aquello que m\u00e1s nos enciende en el amor a Dios y a los hermanos. En nombre de la Orden le hemos dicho que rezamos por \u00e9l y que estamos a su disposici\u00f3n para anunciar el Evangelio. En fin, le pedimos que nos ayude a amar de coraz\u00f3n y a servir con humildad a la Iglesia.<\/p>\n<p align=\"justify\">Del 8 al 12 de abril nos reunimos el consejo y priores provinciales para reflexionar sobre el proceso de revitalizaci\u00f3n y reestructuraci\u00f3n de la Orden. Ante las resistencias de algunas personas o frente a cuestiones que parecen irresolubles, puede surgir la tentaci\u00f3n de considerar in\u00fatil cualquier esfuerzo. Entre nosotros el gobierno es un servicio de caridad y en este tiempo corremos el peligro de convertirnos en gestores de la rutina, resign\u00e1ndonos a la mediocridad, inhibi\u00e9ndonos de toda intervenci\u00f3n, sin \u00e1nimo para se\u00f1alar las metas de una vida evang\u00e9lica coherente y corriendo el riesgo de dejar apagarse el amor de los comienzos y el deseo de testimoniarlo.<\/p>\n<p align=\"right\">Amigos on line: con vuestra oraci\u00f3n y vuestro apoyo ayudadnos a discernir la voluntad del Se\u00f1or y a responder con generosidad a la llamada que la Iglesia nos hace a la nueva evangelizaci\u00f3n.<\/p>\n<p align=\"justify\">Fr. Miguel Mir\u00f3<br \/>\nPrior General<br \/>\nOrden de Agustinos Recoletos<\/p>\n<p align=\"right\">\n","protected":false},"excerpt":{"rendered":"<p>El Papa Francisco recibe a los Agustinos Recoletos El consejo general y los ocho priores provinciales de la Orden de Agustinos Recoletos asistimos el 10 de abril a la audiencia del Papa Francisco. Fue para todos nosotros una experiencia de comuni\u00f3n y a la vez un gesto de disponibilidad. El Santo Padre nos record\u00f3 que &hellip; <a href=\"https:\/\/www.biblia.work\/sermones\/el-papa-francisco-recibe-a-los-agustinos-recoletos\/\" class=\"more-link\">Continuar leyendo<span class=\"screen-reader-text\"> \u00abEl Papa Francisco recibe a los Agustinos Recoletos\u00bb<\/span><\/a><\/p>\n","protected":false},"author":1,"featured_media":0,"comment_status":"open","ping_status":"closed","sticky":false,"template":"","format":"standard","meta":{"footnotes":""},"categories":[1],"tags":[],"class_list":["post-38308","post","type-post","status-publish","format-standard","hentry","category-general"],"_links":{"self":[{"href":"https:\/\/www.biblia.work\/sermones\/wp-json\/wp\/v2\/posts\/38308","targetHints":{"allow":["GET"]}}],"collection":[{"href":"https:\/\/www.biblia.work\/sermones\/wp-json\/wp\/v2\/posts"}],"about":[{"href":"https:\/\/www.biblia.work\/sermones\/wp-json\/wp\/v2\/types\/post"}],"author":[{"embeddable":true,"href":"https:\/\/www.biblia.work\/sermones\/wp-json\/wp\/v2\/users\/1"}],"replies":[{"embeddable":true,"href":"https:\/\/www.biblia.work\/sermones\/wp-json\/wp\/v2\/comments?post=38308"}],"version-history":[{"count":0,"href":"https:\/\/www.biblia.work\/sermones\/wp-json\/wp\/v2\/posts\/38308\/revisions"}],"wp:attachment":[{"href":"https:\/\/www.biblia.work\/sermones\/wp-json\/wp\/v2\/media?parent=38308"}],"wp:term":[{"taxonomy":"category","embeddable":true,"href":"https:\/\/www.biblia.work\/sermones\/wp-json\/wp\/v2\/categories?post=38308"},{"taxonomy":"post_tag","embeddable":true,"href":"https:\/\/www.biblia.work\/sermones\/wp-json\/wp\/v2\/tags?post=38308"}],"curies":[{"name":"wp","href":"https:\/\/api.w.org\/{rel}","templated":true}]}}