{"id":38309,"date":"2016-06-21T17:42:28","date_gmt":"2016-06-21T22:42:28","guid":{"rendered":"http:\/\/www.biblia.work\/sermones\/centro-internacional-de-la-familia-en-nazareth-senal-de-aliento-para-las-familias-de-todo-el-mundo\/"},"modified":"2016-06-21T17:42:28","modified_gmt":"2016-06-21T22:42:28","slug":"centro-internacional-de-la-familia-en-nazareth-senal-de-aliento-para-las-familias-de-todo-el-mundo","status":"publish","type":"post","link":"https:\/\/www.biblia.work\/sermones\/centro-internacional-de-la-familia-en-nazareth-senal-de-aliento-para-las-familias-de-todo-el-mundo\/","title":{"rendered":"Centro Internacional de la Familia en Nazareth: se\u00f1al de aliento para las familias de todo el mundo"},"content":{"rendered":"<p align=\"justify\"><b>Centro Internacional de la Familia en Nazareth: se\u00f1al de aliento para las familias de todo el mundo<\/b><\/p>\n<p align=\"justify\">El arzobispo <strong>Vincenzo Paglia<\/strong>, Presidente del Pontificio Consejo para la Familia y <strong>Salvatore Martinez<\/strong>, Presidente del ramo italiano del movimiento \u201c<strong>Renovaci\u00f3n en el Esp\u00edritu<\/strong>\u201d han presentado esta ma\u00f1ana en la Oficina de Prensa de la Santa Sede, la Fundaci\u00f3n Vaticana \u201c<strong>Centro Internacional de la Familia en Nazareth<\/strong>\u201d que surgir\u00e1 en las cercan\u00edas de esa ciudad sobre la colina que domina el centro habitado y la bas\u00edlica de la Anunciaci\u00f3n. La conferencia ha contado con la presencia del obispo Giacinto Boulos Marcuzzo, auxiliar de Jerusal\u00e9n de los Latinos y vicario patriarcal para Israel en Nazareth.<\/p>\n<p align=\"justify\">El arzobispo Paglia ha trazado brevemente la historia de la creaci\u00f3n del Centro se\u00f1alando que fue Juan Pablo II, que quer\u00eda ser recordado como \u201cel Papa de la familia\u201d, el que a ra\u00edz del Encuentro Mundial de las Familias en R\u00edo de Janeiro en 1997 comunic\u00f3 la idea de un Centro Internacional para la Familia en Nazareth y, en el camino hacia el Jubileo del 2000, consideraba la construcci\u00f3n de este centro como una se\u00f1al de aliento para las familias de todo el mundo. Sin embargo, la idea tardaba en concretarse hasta que en 2009, poco antes del viaje pastoral de Benedicto XVI a Tierra Santa, la Secretar\u00eda de Estado y el cardenal Ennio Antonelli, entonces presidente del Pontificio Consejo para la Familia retoman la iniciativa y apuran la disponibilidad del movimiento eclesial \u201cRenovaci\u00f3n en el Esp\u00edritu\u201d para hacerse cargo del proyecto.<\/p>\n<p align=\"justify\">Despu\u00e9s de largas negociaciones con las autoridades pol\u00edticas, eclesiales y civiles de Israel, se llega a la aprobaci\u00f3n del proyecto ejecutivo y en 2012, durante el Encuentro Mundial de las Familias en Mil\u00e1n, el \u201cCentro Internacional Familia de Nazareth\u201d se presenta como obra que caracteriza al Pontificio Consejo para la Familia. Ese mismo a\u00f1o, en octubre, Benedicto XVI establece la forma jur\u00eddica del proyecto constituyendo la Fundaci\u00f3n Vaticana \u201cCentro Internacional Familia de Nazareth\u201d dotada de personalidad jur\u00eddica can\u00f3nica p\u00fablica y civil vaticana y la aprobaci\u00f3n \u201cad experimentum\u201d de su estatuto. La Fundaci\u00f3n se constituye oficialmente el 18 de enero de 2013, tiene como sede el Pontificio Consejo para la Familia y est\u00e1 presidida por Salvatore Martinez, Presidente de \u201cRenovaci\u00f3n en el Esp\u00edritu\u201d.<\/p>\n<p align=\"justify\">Refiri\u00e9ndose al sentido profundo del proyecto, el arzobispo Paglia ha recordado las palabras de Benedicto XVI durante la bendici\u00f3n de la primera piedra del Centro en el Monte del Precipicio de Nazareth en 2009: \u201cRecemos para que fomente una fuerte vida familiar en esta regi\u00f3n, brinde ayuda y asistencia a las familias en todos los lugares y las aliente en su misi\u00f3n insustituible en la sociedad\u201d.<\/p>\n<p align=\"justify\">\u201cDe ah\u00ed -ha proseguido- las tareas que desempe\u00f1ar\u00e1 el Centro Internacional para la Familia: Centro de espiritualidad familiar, de formaci\u00f3n a la vida parental y familiar, de pastoral, de preparaci\u00f3n para la nueva evangelizaci\u00f3n, de actividades fundadas sobre el car\u00e1cter espec\u00edfico, eclesial y social, de la familia. Observatorio permanente de estudio sobre la pastoral familiar en el mundo y, en especial, en Tierra Santa y Oriente Medio. Ayuda material a las familias en apuros, sobre todo en Tierra Santa, a trav\u00e9s de proyectos internacionales de colecta de fondos\u201d.<\/p>\n<p align=\"justify\">\u201cHay lugares &#8211; ha concluido el prelado- dotados de una extraordinaria fuerza evocadora. Nazareth es uno de ellos. Es el lugar donde Jes\u00fas creci\u00f3, donde estaba su casa.. su familia&#8230; Una tierra -hoy todav\u00eda m\u00e1s que en aquella \u00e9poca- llena de tensiones y dolor. Pero, quiz\u00e1s por esto, una tierra que m\u00e1s que ninguna otra reclama el derecho a la paz y la hermandad universal&#8230; Las familias cristianas pueden convertirse en coautoras de este sue\u00f1o\u201d.<\/p>\n<p align=\"justify\">Por su parte, Salvatore Martinez, presidente del Centro Internacional para la Familia, ha manifestado el deseo de que \u00e9ste sea \u201cun lugar privilegiado para la difusi\u00f3n del Evangelio de la Familia; un escaparate de todo lo bueno, lo hermoso y lo justo que la familia propone y testimonia en el mundo\u201d.<\/p>\n<p align=\"justify\">Tambi\u00e9n ha informado de que el Centro, construido sobre un terreno de propiedad de la Santa Sede y de otro colindante, ocupar\u00e1 una hect\u00e1rea y constar\u00e1 de un auditorio con capacidad para 500 personas; un centro pastoral diocesano; salas de estudio y encuentro; una iglesia con capacidad para 500 personas; un alojamiento para la comunidad residencial; un albergue con 100 habitaciones y un restaurante para la acogida de las familias, una ludoteca y \u00e1reas de juego para los ni\u00f1os. El coste total de la obra rondar\u00e1 los 12 millones de euros y la propiedad del Centro es y ser\u00e1 siempre de la Santa Sede.<\/p>\n<p align=\"justify\">Mart\u00ednez ha anunciado el lanzamiento del \u201cPortal de la Familia\u201d. \u201cUna propuesta -ha dicho- \u00fanica en el panorama internacional que nace con el objetivo de asegurar a todas las familias, en r\u00e9gimen de \u201csubsidiariedad horizontal\u201d y a la ense\u00f1a de la \u201ceconom\u00eda del don\u201d, una vasta gama de servicios gratuitos que contribuyan a hacer frente a las necesidades que encuentran los abuelos, padres e hijos en su camino diario. El Portal ser\u00e1 al principio en italiano, pero est\u00e1 destinado a abarcar otros pa\u00edses e idiomas. En \u00e9l, m\u00e9dicos, psic\u00f3logos, economistas, abogados, educadores, sacerdotes, etc&#8230; colaborar\u00e1n con las familias\u201d.<\/p>\n<p align=\"justify\">Ciudad del Vaticano, 16 abril 2013 (VIS).-<\/p>\n","protected":false},"excerpt":{"rendered":"<p>Centro Internacional de la Familia en Nazareth: se\u00f1al de aliento para las familias de todo el mundo El arzobispo Vincenzo Paglia, Presidente del Pontificio Consejo para la Familia y Salvatore Martinez, Presidente del ramo italiano del movimiento \u201cRenovaci\u00f3n en el Esp\u00edritu\u201d han presentado esta ma\u00f1ana en la Oficina de Prensa de la Santa Sede, la &hellip; <a href=\"https:\/\/www.biblia.work\/sermones\/centro-internacional-de-la-familia-en-nazareth-senal-de-aliento-para-las-familias-de-todo-el-mundo\/\" class=\"more-link\">Continuar leyendo<span class=\"screen-reader-text\"> \u00abCentro Internacional de la Familia en Nazareth: se\u00f1al de aliento para las familias de todo el mundo\u00bb<\/span><\/a><\/p>\n","protected":false},"author":1,"featured_media":0,"comment_status":"open","ping_status":"closed","sticky":false,"template":"","format":"standard","meta":{"footnotes":""},"categories":[1],"tags":[],"class_list":["post-38309","post","type-post","status-publish","format-standard","hentry","category-general"],"_links":{"self":[{"href":"https:\/\/www.biblia.work\/sermones\/wp-json\/wp\/v2\/posts\/38309","targetHints":{"allow":["GET"]}}],"collection":[{"href":"https:\/\/www.biblia.work\/sermones\/wp-json\/wp\/v2\/posts"}],"about":[{"href":"https:\/\/www.biblia.work\/sermones\/wp-json\/wp\/v2\/types\/post"}],"author":[{"embeddable":true,"href":"https:\/\/www.biblia.work\/sermones\/wp-json\/wp\/v2\/users\/1"}],"replies":[{"embeddable":true,"href":"https:\/\/www.biblia.work\/sermones\/wp-json\/wp\/v2\/comments?post=38309"}],"version-history":[{"count":0,"href":"https:\/\/www.biblia.work\/sermones\/wp-json\/wp\/v2\/posts\/38309\/revisions"}],"wp:attachment":[{"href":"https:\/\/www.biblia.work\/sermones\/wp-json\/wp\/v2\/media?parent=38309"}],"wp:term":[{"taxonomy":"category","embeddable":true,"href":"https:\/\/www.biblia.work\/sermones\/wp-json\/wp\/v2\/categories?post=38309"},{"taxonomy":"post_tag","embeddable":true,"href":"https:\/\/www.biblia.work\/sermones\/wp-json\/wp\/v2\/tags?post=38309"}],"curies":[{"name":"wp","href":"https:\/\/api.w.org\/{rel}","templated":true}]}}