{"id":38312,"date":"2016-06-21T17:42:44","date_gmt":"2016-06-21T22:42:44","guid":{"rendered":"http:\/\/www.biblia.work\/sermones\/el-papa-francisco-pone-en-marcha-el-proceso-de-la-reforma-de-la-curia-romana\/"},"modified":"2016-06-21T17:42:44","modified_gmt":"2016-06-21T22:42:44","slug":"el-papa-francisco-pone-en-marcha-el-proceso-de-la-reforma-de-la-curia-romana","status":"publish","type":"post","link":"https:\/\/www.biblia.work\/sermones\/el-papa-francisco-pone-en-marcha-el-proceso-de-la-reforma-de-la-curia-romana\/","title":{"rendered":"El Papa Francisco pone en marcha el proceso de la reforma de la Curia Romana"},"content":{"rendered":"<p align=\"justify\">El Papa\u00a0 Francisco pone en marcha el proceso de la reforma de la Curia Romana. Crea una comisi\u00f3n de ocho cardenales y un obispo, de los cinco continentes, cuyo coordinador ser\u00e1 el cardenal <strong>\u00d3scar Rodr\u00edguez Maradiaga<\/strong>, arzobispo de Tegucigalpa. Y adem\u00e1s el primer objetivo de la comisi\u00f3n ser\u00e1, por voluntad del Papa Francisco, el que le asesoren, el que dicha comisi\u00f3n asesore al Papa,\u00a0 en el<strong> gobierno de la Iglesia\u00a0 universa<\/strong>l.<\/p>\n<p align=\"justify\">La primera reuni\u00f3n colectiva de esta comisi\u00f3n ser\u00e1 los d\u00edas 1 al 3 de octubre. \u00bf El cardenal<strong> Bertello<\/strong>, el primero de los citados como miembros de esta comisi\u00f3n, ser\u00e1 el pr\u00f3ximo secretario de Estado?<\/p>\n<p align=\"justify\">En la comisi\u00f3n destaca el perfil pastoral de sus miembros. Propiamente no hay ning\u00fan curial, excepci\u00f3n hecha de Bertello en la medida en que su cargo es administativo. Solo hay un jubilado: <strong>Errazuriz<\/strong>, arzobispo em\u00e9rito de Santiago de Chile.\u00a0 Y los dem\u00e1s son arzobispos en activo: <strong>Gracias<\/strong> (Bombay, India), <strong>Marx<\/strong> (M\u00fanich, Alemania),\u00a0 <strong>Pasinya<\/strong> (Kinshasa, Rep\u00fablica Democr\u00e1tica del Congo), <strong>O`Malley<\/strong> (Boston, USA), <strong>Pell<\/strong> (S\u00eddney, Australia), <strong>Rodr\u00edguez Maradiaga<\/strong> (Tegucigalpa, Honduras) y el obispo de Albano en Italia, <strong>Semeraro<\/strong>, el \u00fanico de cardenales del grupo.<\/p>\n<p align=\"justify\">\n<p align=\"justify\">Se trata de que la comisi\u00f3n estudie la posible reforma de la Curia Romana, ahora regulada por la Constituci\u00f3n apost\u00f3lica Pastor Bonus, de Juan Pablo II, de 1991. Este tema ya sali\u00f3 en las reuniones o congregaciones generales previas al c\u00f3nclave.<\/p>\n<p align=\"justify\">Estos son los miembros de la citada comisi\u00f3n:<\/p>\n<p align=\"justify\">&#8211; Card. Giuseppe Bertello, Presidente del Governatorado del Estado de la Ciudad del Vaticano<\/p>\n<p align=\"justify\">&#8211; Card. Francisco Javier Err\u00e1zuriz Ossa, arzobispo em\u00e9rito de Santiago de Chile (Chile);<\/p>\n<p align=\"justify\">&#8211; Card. Oswald Gracias, Arzobispo de Bombay (India);<\/p>\n<p align=\"justify\">&#8211; Card. Reinhard Marx, Arzobispo de M\u00fanich y Frinsiga (Alemania);<\/p>\n<p align=\"justify\">&#8211; Card. Laurent Monsengwo Pasinya, Arzobispo de Kinshasa (Rep\u00fablica Democr\u00e1tica del Congo);<\/p>\n<p align=\"justify\">&#8211; Card. Sean Patrick O\u2019Malley, O.F.M. Cap., Arzobispo de Boston (U.S.A.);<\/p>\n<p align=\"justify\">&#8211; Card. George Pell, Arzobispo de S\u00eddney (Australia);<\/p>\n<p align=\"justify\">&#8211; Card. Oscar Andr\u00e9s Rodr\u00edguez Maradiaga, S.D.B., Arzobispo de Tegucigalpa (Honduras), con funci\u00f3n de coordinador;<\/p>\n<p align=\"justify\">&#8211; S.E. Mons. Marcello Semeraro, obispo de Albano, con funci\u00f3n de secretario.<\/p>\n<p align=\"justify\">La primera reuni\u00f3n colectiva del grupo ha sido fijada para los d\u00edas 1 al 3 de octubre. El Papa est\u00e1 en contacto con los citados cardenales y obispos.<\/p>\n","protected":false},"excerpt":{"rendered":"<p>El Papa\u00a0 Francisco pone en marcha el proceso de la reforma de la Curia Romana. Crea una comisi\u00f3n de ocho cardenales y un obispo, de los cinco continentes, cuyo coordinador ser\u00e1 el cardenal \u00d3scar Rodr\u00edguez Maradiaga, arzobispo de Tegucigalpa. Y adem\u00e1s el primer objetivo de la comisi\u00f3n ser\u00e1, por voluntad del Papa Francisco, el que &hellip; <a href=\"https:\/\/www.biblia.work\/sermones\/el-papa-francisco-pone-en-marcha-el-proceso-de-la-reforma-de-la-curia-romana\/\" class=\"more-link\">Continuar leyendo<span class=\"screen-reader-text\"> \u00abEl Papa Francisco pone en marcha el proceso de la reforma de la Curia Romana\u00bb<\/span><\/a><\/p>\n","protected":false},"author":1,"featured_media":0,"comment_status":"open","ping_status":"closed","sticky":false,"template":"","format":"standard","meta":{"footnotes":""},"categories":[1],"tags":[],"class_list":["post-38312","post","type-post","status-publish","format-standard","hentry","category-general"],"_links":{"self":[{"href":"https:\/\/www.biblia.work\/sermones\/wp-json\/wp\/v2\/posts\/38312","targetHints":{"allow":["GET"]}}],"collection":[{"href":"https:\/\/www.biblia.work\/sermones\/wp-json\/wp\/v2\/posts"}],"about":[{"href":"https:\/\/www.biblia.work\/sermones\/wp-json\/wp\/v2\/types\/post"}],"author":[{"embeddable":true,"href":"https:\/\/www.biblia.work\/sermones\/wp-json\/wp\/v2\/users\/1"}],"replies":[{"embeddable":true,"href":"https:\/\/www.biblia.work\/sermones\/wp-json\/wp\/v2\/comments?post=38312"}],"version-history":[{"count":0,"href":"https:\/\/www.biblia.work\/sermones\/wp-json\/wp\/v2\/posts\/38312\/revisions"}],"wp:attachment":[{"href":"https:\/\/www.biblia.work\/sermones\/wp-json\/wp\/v2\/media?parent=38312"}],"wp:term":[{"taxonomy":"category","embeddable":true,"href":"https:\/\/www.biblia.work\/sermones\/wp-json\/wp\/v2\/categories?post=38312"},{"taxonomy":"post_tag","embeddable":true,"href":"https:\/\/www.biblia.work\/sermones\/wp-json\/wp\/v2\/tags?post=38312"}],"curies":[{"name":"wp","href":"https:\/\/api.w.org\/{rel}","templated":true}]}}