{"id":38313,"date":"2016-06-21T17:42:50","date_gmt":"2016-06-21T22:42:50","guid":{"rendered":"http:\/\/www.biblia.work\/sermones\/lombardi-desmintio-agravamiento-en-la-salud-de-benedicto-xvi\/"},"modified":"2016-06-21T17:42:50","modified_gmt":"2016-06-21T22:42:50","slug":"lombardi-desmintio-agravamiento-en-la-salud-de-benedicto-xvi","status":"publish","type":"post","link":"https:\/\/www.biblia.work\/sermones\/lombardi-desmintio-agravamiento-en-la-salud-de-benedicto-xvi\/","title":{"rendered":"Lombardi desminti\u00f3 agravamiento en la salud de Benedicto XVI"},"content":{"rendered":"<p align=\"justify\">El Vaticano desminti\u00f3 el jueves que el papa em\u00e9rito Benedicto XVI se encuentre gravemente enfermo como aseguraron la v\u00edspera medios de prensa espa\u00f1oles tras aparecer muy agotado durante el hist\u00f3rico encuentro a finales de marzo con su sucesor, el argentino Francisco.<\/p>\n<p align=\"justify\">Los rumores sobre el grave estado de salud del primer papa que renuncia en la era moderna se multiplicaron este mes por las dificultades que mostr\u00f3 al caminar, encorvado y ayudado por un bast\u00f3n, para acoger el 23 de marzo pasado a Francisco en la residencia veraniega de Castel Gandolfo, donde se retir\u00f3 para meditar y rezar desde el pasado 28 de febrero.<\/p>\n<p align=\"justify\">Seg\u00fan una veterana periodista espa\u00f1ola, autora de varios libros sobre el Vaticano, las noticias que tiene sobre el estado de salud del papa em\u00e9rito, quien a\u00fan reside en el palacio apost\u00f3lico a 30 kil\u00f3metros de Roma, son &#8220;que est\u00e1 bastante mal&#8221; y &#8220;que tiene algo grave&#8221;, sin dar mayores detalles.<\/p>\n<p align=\"justify\">Para el portavoz del Vaticano, padre Federico Lombardi, la periodista se basa s\u00f3lo en las im\u00e1genes transmitidas por la televisi\u00f3n y partir de ellas &#8220;empez\u00f3 a especular&#8221;, dijo.<\/p>\n<p align=\"justify\">&#8220;El papa asumi\u00f3 un pontificado dif\u00edcil a una edad elevada. Era una persona anciana que tuvo que trabajar muy duro&#8221;, explic\u00f3 Lombardi.<\/p>\n<p align=\"justify\">Benedicto XVI cumplir\u00e1 86 a\u00f1os el pr\u00f3ximo 16 de abril y desde la reuni\u00f3n con Francisco evita aparecer en p\u00fablico.<\/p>\n<p align=\"justify\">En mayo deber\u00e1 trasladarse al monasterio Mater Ecclesiae, en los jardines del Vaticano, con lo que inicia una in\u00e9dita convivencia entre dos papas dentro de las murallas del Estado m\u00e1s peque\u00f1o del mundo.<\/p>\n<p align=\"justify\">A\u00fan antes de su renuncia, medios de prensa aseguraban que el papa alem\u00e1n sufr\u00eda de enfermedades graves, entre ellas c\u00e1ncer y problemas de coraz\u00f3n, ya que en varias ocasiones p\u00fablicas se le ve\u00eda muy agotado.<\/p>\n<p align=\"justify\">Lombardi desminti\u00f3 regularmente esas noticias, aunque reconoci\u00f3 que el papa se quejaba de cansancio a pesar de que se esforzaba por cumplir su apretada agenda, en particular durante su \u00faltimo viaje a Cuba y M\u00e9xico en marzo del 2012.<\/p>\n","protected":false},"excerpt":{"rendered":"<p>El Vaticano desminti\u00f3 el jueves que el papa em\u00e9rito Benedicto XVI se encuentre gravemente enfermo como aseguraron la v\u00edspera medios de prensa espa\u00f1oles tras aparecer muy agotado durante el hist\u00f3rico encuentro a finales de marzo con su sucesor, el argentino Francisco. Los rumores sobre el grave estado de salud del primer papa que renuncia en &hellip; <a href=\"https:\/\/www.biblia.work\/sermones\/lombardi-desmintio-agravamiento-en-la-salud-de-benedicto-xvi\/\" class=\"more-link\">Continuar leyendo<span class=\"screen-reader-text\"> \u00abLombardi desminti\u00f3 agravamiento en la salud de Benedicto XVI\u00bb<\/span><\/a><\/p>\n","protected":false},"author":1,"featured_media":0,"comment_status":"open","ping_status":"closed","sticky":false,"template":"","format":"standard","meta":{"footnotes":""},"categories":[1],"tags":[],"class_list":["post-38313","post","type-post","status-publish","format-standard","hentry","category-general"],"_links":{"self":[{"href":"https:\/\/www.biblia.work\/sermones\/wp-json\/wp\/v2\/posts\/38313","targetHints":{"allow":["GET"]}}],"collection":[{"href":"https:\/\/www.biblia.work\/sermones\/wp-json\/wp\/v2\/posts"}],"about":[{"href":"https:\/\/www.biblia.work\/sermones\/wp-json\/wp\/v2\/types\/post"}],"author":[{"embeddable":true,"href":"https:\/\/www.biblia.work\/sermones\/wp-json\/wp\/v2\/users\/1"}],"replies":[{"embeddable":true,"href":"https:\/\/www.biblia.work\/sermones\/wp-json\/wp\/v2\/comments?post=38313"}],"version-history":[{"count":0,"href":"https:\/\/www.biblia.work\/sermones\/wp-json\/wp\/v2\/posts\/38313\/revisions"}],"wp:attachment":[{"href":"https:\/\/www.biblia.work\/sermones\/wp-json\/wp\/v2\/media?parent=38313"}],"wp:term":[{"taxonomy":"category","embeddable":true,"href":"https:\/\/www.biblia.work\/sermones\/wp-json\/wp\/v2\/categories?post=38313"},{"taxonomy":"post_tag","embeddable":true,"href":"https:\/\/www.biblia.work\/sermones\/wp-json\/wp\/v2\/tags?post=38313"}],"curies":[{"name":"wp","href":"https:\/\/api.w.org\/{rel}","templated":true}]}}