{"id":38314,"date":"2016-06-21T17:42:53","date_gmt":"2016-06-21T22:42:53","guid":{"rendered":"http:\/\/www.biblia.work\/sermones\/el-atrio-de-los-gentiles-viaja-a-italia-y-a-mexico\/"},"modified":"2016-06-21T17:42:53","modified_gmt":"2016-06-21T22:42:53","slug":"el-atrio-de-los-gentiles-viaja-a-italia-y-a-mexico","status":"publish","type":"post","link":"https:\/\/www.biblia.work\/sermones\/el-atrio-de-los-gentiles-viaja-a-italia-y-a-mexico\/","title":{"rendered":"El Atrio de los Gentiles viaja a Italia y a M\u00e9xico"},"content":{"rendered":"<p align=\"justify\">Este viernes por la ma\u00f1ana ha tenido lugar en la sede del Pontificio Consejo para la Cultura, la Conferencia de prensa de presentaci\u00f3n de los pr\u00f3ximos encuentros del Atrio de los gentiles que van a desarrollarse en Italia y M\u00e9xico.<\/p>\n<p align=\"justify\">Ha intervenido el presidente del dicasterio, cardenal Gianfranco Ravasi que ha explicado que la pr\u00f3xima etapa del di\u00e1logo en Italia se afrontar\u00e1 en Catanzaro, el pr\u00f3ximo 20 de abril, y se dialogar\u00e1 sobre \u201c\u00c9tica, religiosidad y corresponsabilidad\u201d, siguiendo las pautas del encuentro de Palermo del a\u00f1o pasado donde se habl\u00f3 de \u201clegalidad\u201d. Respecto al viaje a M\u00e9xico del Cardenal Ravasi, del 6 al 9 de mayo, se ha dicho que se trata de un encuentro de gran importancia.<\/p>\n<p align=\"justify\">El presidente del Pontificio Consejo para la Cultura visitar\u00e1 Monterrey, Puebla y Ciudad de M\u00e9xico. Impartir\u00e1 conferencias, participar\u00e1 a mesas redondas, promover\u00e1 di\u00e1logos con distintos sectores de la sociedad, recibir\u00e1 homenajes y por primera vez tendr\u00e1 lugar fuera de Europa el primer Atrio de los gentiles. (ER,RC-RV)<\/p>\n","protected":false},"excerpt":{"rendered":"<p>Este viernes por la ma\u00f1ana ha tenido lugar en la sede del Pontificio Consejo para la Cultura, la Conferencia de prensa de presentaci\u00f3n de los pr\u00f3ximos encuentros del Atrio de los gentiles que van a desarrollarse en Italia y M\u00e9xico. Ha intervenido el presidente del dicasterio, cardenal Gianfranco Ravasi que ha explicado que la pr\u00f3xima &hellip; <a href=\"https:\/\/www.biblia.work\/sermones\/el-atrio-de-los-gentiles-viaja-a-italia-y-a-mexico\/\" class=\"more-link\">Continuar leyendo<span class=\"screen-reader-text\"> \u00abEl Atrio de los Gentiles viaja a Italia y a M\u00e9xico\u00bb<\/span><\/a><\/p>\n","protected":false},"author":1,"featured_media":0,"comment_status":"open","ping_status":"closed","sticky":false,"template":"","format":"standard","meta":{"footnotes":""},"categories":[1],"tags":[],"class_list":["post-38314","post","type-post","status-publish","format-standard","hentry","category-general"],"_links":{"self":[{"href":"https:\/\/www.biblia.work\/sermones\/wp-json\/wp\/v2\/posts\/38314","targetHints":{"allow":["GET"]}}],"collection":[{"href":"https:\/\/www.biblia.work\/sermones\/wp-json\/wp\/v2\/posts"}],"about":[{"href":"https:\/\/www.biblia.work\/sermones\/wp-json\/wp\/v2\/types\/post"}],"author":[{"embeddable":true,"href":"https:\/\/www.biblia.work\/sermones\/wp-json\/wp\/v2\/users\/1"}],"replies":[{"embeddable":true,"href":"https:\/\/www.biblia.work\/sermones\/wp-json\/wp\/v2\/comments?post=38314"}],"version-history":[{"count":0,"href":"https:\/\/www.biblia.work\/sermones\/wp-json\/wp\/v2\/posts\/38314\/revisions"}],"wp:attachment":[{"href":"https:\/\/www.biblia.work\/sermones\/wp-json\/wp\/v2\/media?parent=38314"}],"wp:term":[{"taxonomy":"category","embeddable":true,"href":"https:\/\/www.biblia.work\/sermones\/wp-json\/wp\/v2\/categories?post=38314"},{"taxonomy":"post_tag","embeddable":true,"href":"https:\/\/www.biblia.work\/sermones\/wp-json\/wp\/v2\/tags?post=38314"}],"curies":[{"name":"wp","href":"https:\/\/api.w.org\/{rel}","templated":true}]}}