{"id":38315,"date":"2016-06-21T17:43:02","date_gmt":"2016-06-21T22:43:02","guid":{"rendered":"http:\/\/www.biblia.work\/sermones\/el-papa-francisco-visita-la-secretaria-de-estado\/"},"modified":"2016-06-21T17:43:02","modified_gmt":"2016-06-21T22:43:02","slug":"el-papa-francisco-visita-la-secretaria-de-estado","status":"publish","type":"post","link":"https:\/\/www.biblia.work\/sermones\/el-papa-francisco-visita-la-secretaria-de-estado\/","title":{"rendered":"El Papa Francisco visita la Secretar\u00eda de Estado"},"content":{"rendered":"<p align=\"justify\"><b>El Papa Francisco visita la Secretar\u00eda de Estado<\/b><\/p>\n<p align=\"justify\">Esta ma\u00f1ana, a las 10, el Santo Padre Francisco se ha encontrado en la <b>Biblioteca de la Secretar\u00eda de Estado con todo el personal de las dos secciones de ese organismo<\/b> (alrededor de trescientas personas, no solamente sacerdotes, sino tambi\u00e9n religiosos, religiosas, laicos y laicas).<\/p>\n<p align=\"justify\">El cardenal Secretario de Estado, <b>Tarcisio Bertone<\/b>, ha dirigido al Papa unas breves palabras de saludo y de presentaci\u00f3n, asegur\u00e1ndole el servicio que con dedicaci\u00f3n y cordialidad llevan a cabo cu\u00e1ntos trabajan en la Secretar\u00eda de Estado que es, de pleno t\u00edtulo, la \u201cSecretar\u00eda del Papa\u201d.<\/p>\n<p align=\"justify\">El Santo Padre, a su vez, ha manifestado su sincera gratitud por la acogida recibida y por el gran trabajo desempe\u00f1ado en este per\u00edodo, recordando que ma\u00f1ana har\u00e1 ya un mes de su elecci\u00f3n, y ha apreciado el empe\u00f1o impagable de la labor desarrollada por todos los miembros de la Secretar\u00eda de Estado.<\/p>\n<p align=\"justify\">Despu\u00e9s de impartir la bendici\u00f3n, el Papa ha saludado personalmente a cada uno de los presentes. El encuentro ha durado alrededor de 50 minutos.<\/p>\n<p align=\"justify\">&nbsp;<\/p>\n<p align=\"justify\">Ciudad del Vaticano, 12 abril 2013 (VIS).-<\/p>\n","protected":false},"excerpt":{"rendered":"<p>El Papa Francisco visita la Secretar\u00eda de Estado Esta ma\u00f1ana, a las 10, el Santo Padre Francisco se ha encontrado en la Biblioteca de la Secretar\u00eda de Estado con todo el personal de las dos secciones de ese organismo (alrededor de trescientas personas, no solamente sacerdotes, sino tambi\u00e9n religiosos, religiosas, laicos y laicas). El cardenal &hellip; <a href=\"https:\/\/www.biblia.work\/sermones\/el-papa-francisco-visita-la-secretaria-de-estado\/\" class=\"more-link\">Continuar leyendo<span class=\"screen-reader-text\"> \u00abEl Papa Francisco visita la Secretar\u00eda de Estado\u00bb<\/span><\/a><\/p>\n","protected":false},"author":1,"featured_media":0,"comment_status":"open","ping_status":"closed","sticky":false,"template":"","format":"standard","meta":{"footnotes":""},"categories":[1],"tags":[],"class_list":["post-38315","post","type-post","status-publish","format-standard","hentry","category-general"],"_links":{"self":[{"href":"https:\/\/www.biblia.work\/sermones\/wp-json\/wp\/v2\/posts\/38315","targetHints":{"allow":["GET"]}}],"collection":[{"href":"https:\/\/www.biblia.work\/sermones\/wp-json\/wp\/v2\/posts"}],"about":[{"href":"https:\/\/www.biblia.work\/sermones\/wp-json\/wp\/v2\/types\/post"}],"author":[{"embeddable":true,"href":"https:\/\/www.biblia.work\/sermones\/wp-json\/wp\/v2\/users\/1"}],"replies":[{"embeddable":true,"href":"https:\/\/www.biblia.work\/sermones\/wp-json\/wp\/v2\/comments?post=38315"}],"version-history":[{"count":0,"href":"https:\/\/www.biblia.work\/sermones\/wp-json\/wp\/v2\/posts\/38315\/revisions"}],"wp:attachment":[{"href":"https:\/\/www.biblia.work\/sermones\/wp-json\/wp\/v2\/media?parent=38315"}],"wp:term":[{"taxonomy":"category","embeddable":true,"href":"https:\/\/www.biblia.work\/sermones\/wp-json\/wp\/v2\/categories?post=38315"},{"taxonomy":"post_tag","embeddable":true,"href":"https:\/\/www.biblia.work\/sermones\/wp-json\/wp\/v2\/tags?post=38315"}],"curies":[{"name":"wp","href":"https:\/\/api.w.org\/{rel}","templated":true}]}}