{"id":38316,"date":"2016-06-21T17:43:06","date_gmt":"2016-06-21T22:43:06","guid":{"rendered":"http:\/\/www.biblia.work\/sermones\/el-papa-recibe-a-los-miembros-de-la-comision-biblica\/"},"modified":"2016-06-21T17:43:06","modified_gmt":"2016-06-21T22:43:06","slug":"el-papa-recibe-a-los-miembros-de-la-comision-biblica","status":"publish","type":"post","link":"https:\/\/www.biblia.work\/sermones\/el-papa-recibe-a-los-miembros-de-la-comision-biblica\/","title":{"rendered":"El Papa recibe a los miembros de la Comisi\u00f3n B\u00edblica"},"content":{"rendered":"<p align=\"justify\"><b>El Papa recibe a la Congregaci\u00f3n para la Doctrina de la Fe<\/b><\/p>\n<p align=\"justify\">El Papa a la Comisi\u00f3n B\u00edblica: \u201cEl centro de nuestra fe no es solo un libro, sino una historia de salvaci\u00f3n\u201d<\/p>\n<p align=\"justify\">Los miembros de la Pontificia Comisi\u00f3n B\u00edblica, -que preside el arzobispo <strong>Gerhard Ludwig M\u00fcller<\/strong>, Prefecto de la Congregaci\u00f3n para la Doctrina de la Fe- han sido recibidos esta ma\u00f1ana por el Santo Padre, al final de su asamblea plenaria anual cuyo tema ha sido \u201cInspiraci\u00f3n y verdad en la Biblia\u201d.<\/p>\n<p align=\"justify\">En el discurso que les ha dirigido, el Papa ha subrayado que ese argumento \u201cata\u00f1e no solamente al creyente sino a toda la Iglesia porque la vida y la misi\u00f3n de la Iglesia se fundan sobre la Palabra de Dios, que es el alma de la teolog\u00eda y, a la vez, la inspiradora de la existencia cristiana\u201d.<\/p>\n<p align=\"justify\">\u201cLas Sagradas Escrituras &#8211; ha reafirmado- son el testimonio escrito de la Palabra divina, el memorial can\u00f3nico que atestigua el acontecimiento de la Revelaci\u00f3n. Por lo tanto, la Palabra de Dios precede a la Biblia y la sobrepasa. Por eso el centro de nuestra fe no es solamente un libro, sino una historia de salvaci\u00f3n y sobre todo una persona, Jesucristo, la Palabra de Dios que se hizo carne. Precisamente porque el horizonte de la Palabra divina abraza las Escrituras y se extiende m\u00e1s all\u00e1 de ellas, es necesaria la presencia constante del Esp\u00edritu Santo que \u201cgu\u00eda a toda la verdad\u201d. Es necesario situarse en la corriente de la gran Tradici\u00f3n que, con la ayuda del Esp\u00edritu Santo y la gu\u00eda del Magisterio, ha reconocido los escritos can\u00f3nicos como Palabra dirigida por Dios a su pueblo y no ha cesado nunca de meditarlos y descubrir su riqueza inagotable\u201d.<\/p>\n<p align=\"justify\">El pont\u00edfice ha recordado que el Concilio Vaticano II lo ha reafirmado con claridad en la constituci\u00f3n dogm\u00e1tica \u201cDei Verbum\u201d: \u201cPorque todo lo que se refiere a la interpretaci\u00f3n de la Sagrada Escritura, est\u00e1 sometido en \u00faltima instancia a la Iglesia, que tiene el mandato y el ministerio divino de conservar y de interpretar la palabra de Dios\u201d. \u201cDe hecho -ha explicado- la Sagrada Escritura es Palabra de Dios en cuanto se le ha dado forma escrita bajo la inspiraci\u00f3n del Esp\u00edritu Santo; en cambio la sagrada Tradici\u00f3n transmite integralmente la Palabra de Dios, confiada por Cristo Se\u00f1or y por el Esp\u00edritu Santo a los ap\u00f3stoles, a sus sucesores, para que \u00e9stos, iluminados por el Esp\u00edritu de verdad, con su predicaci\u00f3n la conserven con fidelidad, la expliquen y la difundan\u201d.<\/p>\n<p align=\"justify\">\u201cLa interpretaci\u00f3n de las Sagradas Escrituras no puede ser solamente una labor cient\u00edfica individual, sino que siempre debe ser confrontada, insertada y autenticada con la tradici\u00f3n viva de la Iglesia. Esta norma es decisiva para precisar la relaci\u00f3n correcta y rec\u00edproca entre la exegesis y el Magisterio de la Iglesia. Los textos inspirados por Dios han sido confiados a la Comunidad de los creyentes, a la Iglesia de Cristo para alimentar la fe y guiar a la vida de caridad\u201d.<\/p>\n<p align=\"justify\">El Obispo de Roma se ha despedido de los miembros de la Comisi\u00f3n B\u00edblica agradeci\u00e9ndoles su trabajo y manifestando el deseo de que en este A\u00f1o de la fe, \u201ccontribuya a que resplandezca la luz de la Sagrada Escritura en el coraz\u00f3n de los fieles\u201d.<\/p>\n<p align=\"justify\">&nbsp;<\/p>\n<p align=\"justify\">Ciudad del Vaticano, 12 abril 2013 (VIS).-<\/p>\n","protected":false},"excerpt":{"rendered":"<p>El Papa recibe a la Congregaci\u00f3n para la Doctrina de la Fe El Papa a la Comisi\u00f3n B\u00edblica: \u201cEl centro de nuestra fe no es solo un libro, sino una historia de salvaci\u00f3n\u201d Los miembros de la Pontificia Comisi\u00f3n B\u00edblica, -que preside el arzobispo Gerhard Ludwig M\u00fcller, Prefecto de la Congregaci\u00f3n para la Doctrina de &hellip; <a href=\"https:\/\/www.biblia.work\/sermones\/el-papa-recibe-a-los-miembros-de-la-comision-biblica\/\" class=\"more-link\">Continuar leyendo<span class=\"screen-reader-text\"> \u00abEl Papa recibe a los miembros de la Comisi\u00f3n B\u00edblica\u00bb<\/span><\/a><\/p>\n","protected":false},"author":1,"featured_media":0,"comment_status":"open","ping_status":"closed","sticky":false,"template":"","format":"standard","meta":{"footnotes":""},"categories":[1],"tags":[],"class_list":["post-38316","post","type-post","status-publish","format-standard","hentry","category-general"],"_links":{"self":[{"href":"https:\/\/www.biblia.work\/sermones\/wp-json\/wp\/v2\/posts\/38316","targetHints":{"allow":["GET"]}}],"collection":[{"href":"https:\/\/www.biblia.work\/sermones\/wp-json\/wp\/v2\/posts"}],"about":[{"href":"https:\/\/www.biblia.work\/sermones\/wp-json\/wp\/v2\/types\/post"}],"author":[{"embeddable":true,"href":"https:\/\/www.biblia.work\/sermones\/wp-json\/wp\/v2\/users\/1"}],"replies":[{"embeddable":true,"href":"https:\/\/www.biblia.work\/sermones\/wp-json\/wp\/v2\/comments?post=38316"}],"version-history":[{"count":0,"href":"https:\/\/www.biblia.work\/sermones\/wp-json\/wp\/v2\/posts\/38316\/revisions"}],"wp:attachment":[{"href":"https:\/\/www.biblia.work\/sermones\/wp-json\/wp\/v2\/media?parent=38316"}],"wp:term":[{"taxonomy":"category","embeddable":true,"href":"https:\/\/www.biblia.work\/sermones\/wp-json\/wp\/v2\/categories?post=38316"},{"taxonomy":"post_tag","embeddable":true,"href":"https:\/\/www.biblia.work\/sermones\/wp-json\/wp\/v2\/tags?post=38316"}],"curies":[{"name":"wp","href":"https:\/\/api.w.org\/{rel}","templated":true}]}}