{"id":38317,"date":"2016-06-21T17:43:10","date_gmt":"2016-06-21T22:43:10","guid":{"rendered":"http:\/\/www.biblia.work\/sermones\/el-papa-francisco-recuerda-los-50-anos-de-la-pacem-in-terris-de-juan-xxiii\/"},"modified":"2016-06-21T17:43:10","modified_gmt":"2016-06-21T22:43:10","slug":"el-papa-francisco-recuerda-los-50-anos-de-la-pacem-in-terris-de-juan-xxiii","status":"publish","type":"post","link":"https:\/\/www.biblia.work\/sermones\/el-papa-francisco-recuerda-los-50-anos-de-la-pacem-in-terris-de-juan-xxiii\/","title":{"rendered":"El Papa Francisco recuerda los 50 a\u00f1os de la \u201cPacem in Terris\u201d de Juan XXIII"},"content":{"rendered":"<p align=\"justify\">El Papa Francisco recuerda los 50 a\u00f1os de la \u201cPacem in Terris\u201d de Juan XXIII<\/p>\n<p align=\"justify\">El Papa <b>Francisco recibi\u00f3<\/b> en la Sala Clementina del Vaticano, a los <b>miembros de<\/b> la <b>&#8220;Papal Foundation&#8221;,<\/b> durante su visita anual a Roma. La \u201cPapal Foundation\u201d es una asociaci\u00f3n cat\u00f3lica estadounidense instituida en Filadelfia (EE.UU.) en 1990 por el fallecido cardenal John Krol, que financia las necesidades de la Iglesia en el mundo.<\/p>\n<p align=\"justify\">&#8220;En los veinticinco a\u00f1os transcurridos desde la creaci\u00f3n de la Fundaci\u00f3n \u2013afirm\u00f3 el pont\u00edfice- vosotros y vuestros afiliados hab\u00e9is ayudado al Sucesor de Pedro, sosteniendo muchas obras de apostolado y de caridad especialmente cercanas a su coraz\u00f3n. En estos a\u00f1os, hab\u00e9is contribuido de manera significativa al crecimiento de muchas Iglesias particulares de los pa\u00edses en v\u00edas de desarrollo ayudando, entre otras cosas, a la formaci\u00f3n del clero y de los religiosos, ofreciendo ayuda, asistencia m\u00e9dica y atenci\u00f3n a los pobres y necesitados, y creando oportunidades de formaci\u00f3n y trabajo&#8221;.<\/p>\n<p align=\"justify\">Por \u00faltimo, el Papa se\u00f1al\u00f3 que hoy se cumplen los cincuenta a\u00f1os de la enc\u00edclica &#8220;Pacem in Terris&#8221; de Juan XXIII, y pidi\u00f3 que este aniversario &#8220;sea un incentivo para comprometerse siempre m\u00e1s en promover la reconciliaci\u00f3n y la paz a todos los niveles&#8221;.<\/p>\n<p align=\"justify\">&nbsp;<\/p>\n<p align=\"right\">Ciudad del Vaticano, 11 abril 2013 (VIS).-<\/p>\n","protected":false},"excerpt":{"rendered":"<p>El Papa Francisco recuerda los 50 a\u00f1os de la \u201cPacem in Terris\u201d de Juan XXIII El Papa Francisco recibi\u00f3 en la Sala Clementina del Vaticano, a los miembros de la &#8220;Papal Foundation&#8221;, durante su visita anual a Roma. La \u201cPapal Foundation\u201d es una asociaci\u00f3n cat\u00f3lica estadounidense instituida en Filadelfia (EE.UU.) en 1990 por el fallecido &hellip; <a href=\"https:\/\/www.biblia.work\/sermones\/el-papa-francisco-recuerda-los-50-anos-de-la-pacem-in-terris-de-juan-xxiii\/\" class=\"more-link\">Continuar leyendo<span class=\"screen-reader-text\"> \u00abEl Papa Francisco recuerda los 50 a\u00f1os de la \u201cPacem in Terris\u201d de Juan XXIII\u00bb<\/span><\/a><\/p>\n","protected":false},"author":1,"featured_media":0,"comment_status":"open","ping_status":"closed","sticky":false,"template":"","format":"standard","meta":{"footnotes":""},"categories":[1],"tags":[],"class_list":["post-38317","post","type-post","status-publish","format-standard","hentry","category-general"],"_links":{"self":[{"href":"https:\/\/www.biblia.work\/sermones\/wp-json\/wp\/v2\/posts\/38317","targetHints":{"allow":["GET"]}}],"collection":[{"href":"https:\/\/www.biblia.work\/sermones\/wp-json\/wp\/v2\/posts"}],"about":[{"href":"https:\/\/www.biblia.work\/sermones\/wp-json\/wp\/v2\/types\/post"}],"author":[{"embeddable":true,"href":"https:\/\/www.biblia.work\/sermones\/wp-json\/wp\/v2\/users\/1"}],"replies":[{"embeddable":true,"href":"https:\/\/www.biblia.work\/sermones\/wp-json\/wp\/v2\/comments?post=38317"}],"version-history":[{"count":0,"href":"https:\/\/www.biblia.work\/sermones\/wp-json\/wp\/v2\/posts\/38317\/revisions"}],"wp:attachment":[{"href":"https:\/\/www.biblia.work\/sermones\/wp-json\/wp\/v2\/media?parent=38317"}],"wp:term":[{"taxonomy":"category","embeddable":true,"href":"https:\/\/www.biblia.work\/sermones\/wp-json\/wp\/v2\/categories?post=38317"},{"taxonomy":"post_tag","embeddable":true,"href":"https:\/\/www.biblia.work\/sermones\/wp-json\/wp\/v2\/tags?post=38317"}],"curies":[{"name":"wp","href":"https:\/\/api.w.org\/{rel}","templated":true}]}}