{"id":38319,"date":"2016-06-21T17:43:17","date_gmt":"2016-06-21T22:43:17","guid":{"rendered":"http:\/\/www.biblia.work\/sermones\/telegrama-del-papa-francisco-por-la-muerte-del-cardenal-lorenzo-antonetti\/"},"modified":"2016-06-21T17:43:17","modified_gmt":"2016-06-21T22:43:17","slug":"telegrama-del-papa-francisco-por-la-muerte-del-cardenal-lorenzo-antonetti","status":"publish","type":"post","link":"https:\/\/www.biblia.work\/sermones\/telegrama-del-papa-francisco-por-la-muerte-del-cardenal-lorenzo-antonetti\/","title":{"rendered":"Telegrama del Papa Francisco por la muerte del cardenal Lorenzo Antonetti"},"content":{"rendered":"<p align=\"justify\"><b>Telegrama del Papa Francisco por la muerte del cardenal Lorenzo Antonetti<\/b><\/p>\n<p align=\"justify\">El Papa ha enviado un telegrama de p\u00e9same a monse\u00f1or Franco Giulio Brambilla, obispo de Novara, con motivo del fallecimiento a la edad de 90 a\u00f1os del cardenal Lorenzo Antonetti, presidente em\u00e9rito de la Administraci\u00f3n del Patrimonio de la Sede Apost\u00f3lica y ex Delegado Pontificio para la bas\u00edlica de San Francisco en As\u00eds.<\/p>\n<p align=\"justify\">&#8220;Al conocer la triste noticia de la muerte del venerado cardenal Lorenzo Antonetti, deseo expresar mi m\u00e1s sentido p\u00e9same a esta comunidad diocesana, que lo contaba entre sus hijos m\u00e1s ilustres, as\u00ed como a su sobrino Mario, dem\u00e1s parientes y sus familias, y a cuantos lo conocieron y estimaron.<\/p>\n<p align=\"justify\">Recuerdo que fue durante muchos a\u00f1os colaborador de la Santa Sede, en particular como representante pontificio en distintos pa\u00edses, en la Secretar\u00eda de Estado, luego como Presidente de la Administraci\u00f3n del Patrimonio de la Sede Apost\u00f3lica, y por \u00faltimo como delegado pontificio de la Bas\u00edlica papal de San Francisco en As\u00eds: en todas partes di\u00f3 testimonio de ferviente celo sacerdotal y de fidelidad al Evangelio. Al elevar fervientes oraciones al Se\u00f1or Jes\u00fas para que, por intercesi\u00f3n de la Virgen Mar\u00eda, quiera donar al fallecido cardenal el premio eterno prometido a sus fieles disc\u00edpulos, con todo el coraz\u00f3n env\u00edo a Su Excelencia, al presbiterio y a quienes comparten el dolor de su muerte, una especial Bendici\u00f3n Apost\u00f3lica&#8221;.<\/p>\n<p align=\"justify\">Ciudad del Vaticano, 11 abril 2013 (VIS).-<\/p>\n","protected":false},"excerpt":{"rendered":"<p>Telegrama del Papa Francisco por la muerte del cardenal Lorenzo Antonetti El Papa ha enviado un telegrama de p\u00e9same a monse\u00f1or Franco Giulio Brambilla, obispo de Novara, con motivo del fallecimiento a la edad de 90 a\u00f1os del cardenal Lorenzo Antonetti, presidente em\u00e9rito de la Administraci\u00f3n del Patrimonio de la Sede Apost\u00f3lica y ex Delegado &hellip; <a href=\"https:\/\/www.biblia.work\/sermones\/telegrama-del-papa-francisco-por-la-muerte-del-cardenal-lorenzo-antonetti\/\" class=\"more-link\">Continuar leyendo<span class=\"screen-reader-text\"> \u00abTelegrama del Papa Francisco por la muerte del cardenal Lorenzo Antonetti\u00bb<\/span><\/a><\/p>\n","protected":false},"author":1,"featured_media":0,"comment_status":"open","ping_status":"closed","sticky":false,"template":"","format":"standard","meta":{"footnotes":""},"categories":[1],"tags":[],"class_list":["post-38319","post","type-post","status-publish","format-standard","hentry","category-general"],"_links":{"self":[{"href":"https:\/\/www.biblia.work\/sermones\/wp-json\/wp\/v2\/posts\/38319","targetHints":{"allow":["GET"]}}],"collection":[{"href":"https:\/\/www.biblia.work\/sermones\/wp-json\/wp\/v2\/posts"}],"about":[{"href":"https:\/\/www.biblia.work\/sermones\/wp-json\/wp\/v2\/types\/post"}],"author":[{"embeddable":true,"href":"https:\/\/www.biblia.work\/sermones\/wp-json\/wp\/v2\/users\/1"}],"replies":[{"embeddable":true,"href":"https:\/\/www.biblia.work\/sermones\/wp-json\/wp\/v2\/comments?post=38319"}],"version-history":[{"count":0,"href":"https:\/\/www.biblia.work\/sermones\/wp-json\/wp\/v2\/posts\/38319\/revisions"}],"wp:attachment":[{"href":"https:\/\/www.biblia.work\/sermones\/wp-json\/wp\/v2\/media?parent=38319"}],"wp:term":[{"taxonomy":"category","embeddable":true,"href":"https:\/\/www.biblia.work\/sermones\/wp-json\/wp\/v2\/categories?post=38319"},{"taxonomy":"post_tag","embeddable":true,"href":"https:\/\/www.biblia.work\/sermones\/wp-json\/wp\/v2\/tags?post=38319"}],"curies":[{"name":"wp","href":"https:\/\/api.w.org\/{rel}","templated":true}]}}