{"id":38320,"date":"2016-06-21T17:43:27","date_gmt":"2016-06-21T22:43:27","guid":{"rendered":"http:\/\/www.biblia.work\/sermones\/apoyo-solidario-y-espiritual-al-papa-francisco-y-su-testimonio-en-el-mundo\/"},"modified":"2016-06-21T17:43:27","modified_gmt":"2016-06-21T22:43:27","slug":"apoyo-solidario-y-espiritual-al-papa-francisco-y-su-testimonio-en-el-mundo","status":"publish","type":"post","link":"https:\/\/www.biblia.work\/sermones\/apoyo-solidario-y-espiritual-al-papa-francisco-y-su-testimonio-en-el-mundo\/","title":{"rendered":"Apoyo solidario y espiritual al Papa Francisco y su testimonio en el mundo"},"content":{"rendered":"<p align=\"justify\">Apoyo solidario y espiritual al Papa Francisco y su testimonio en el mundo<\/p>\n<p align=\"justify\">Como es habitual todos los a\u00f1os por estas fechas, Francisco recibi\u00f3, por primera vez, esta ma\u00f1ana la<strong> peregrinaci\u00f3n de los miembros de la Papal Foundation<\/strong>, acompa\u00f1ados por el arzobispo de Washington, Cardenal Donald Wuerl. El Papa, en el discurso que les entreg\u00f3, agradece la ayuda solidaria y espiritual que presta al Pont\u00edfice esta Fundaci\u00f3n desde su creaci\u00f3n, en 1988. Una respuesta al deseo de religiosos y laicos en los EEUU de apoyar de una manera sostenible al Santo Padre y su testimonio en el mundo.<\/p>\n<p align=\"justify\"><b><br \/>\nTextualmente el Santo Padre afirma: <\/b><br \/>\n\u201cEn los veinticinco a\u00f1os transcurridos desde la creaci\u00f3n de la Fundaci\u00f3n, ustedes y sus afiliados han ayudado al Sucesor de Pedro, apoyando muchas obras de apostolado y de caridad, sobre todo cercanas a su coraz\u00f3n. En estos a\u00f1os, han contribuido de manera significativa al crecimiento de muchas Iglesias particulares en los pa\u00edses en v\u00edas de desarrollo mediante el apoyo, entre otras cosas, de la formaci\u00f3n permanente del clero y de los religiosos, ofreciendo ayuda, asistencia m\u00e9dica y la atenci\u00f3n a los pobres y necesitados, y creando oportunidades de formaci\u00f3n y trabajo especialmente necesarias\u201d.<br \/>\n\u201cQue el quincuag\u00e9simo aniversario de la enc\u00edclica Pacem in Terris de Juan XXIII, que se recuerda hoy -dijo el Papa- sea un incentivo siempre para su compromiso en la promoci\u00f3n de la reconciliaci\u00f3n y la paz en todos los niveles\u201d. Y luego prosigue:<br \/>\n\u201cLes estoy muy agradecido por todo. Las necesidades del Pueblo de Dios en el mundo son grandes, y los esfuerzos de ustedes para avanzar en la misi\u00f3n de la Iglesia est\u00e1n ayudando a luchar contra muchas formas de pobreza material y espiritual presente en la familia humana, contribuyendo al crecimiento de la fraternidad y la paz\u201d.<br \/>\nEl Santo Padre les asegura sus oraciones y les pide, a su vez, que recen por \u00e9l y \u201csu ministerio, por las necesidades de la Iglesia, y sobre todo para que las mentes y los corazones se conviertan a la belleza, la bondad y la verdad del Evangelio\u201d.<\/p>\n<p align=\"justify\">Radio Vaticana<\/p>\n<p align=\"justify\">&nbsp;<\/p>\n<p align=\"justify\">&nbsp;<\/p>\n<p align=\"justify\">Como es habitual todos los a\u00f1os por estas fechas, Francisco recibi\u00f3, por primera vez, esta ma\u00f1ana la peregrinaci\u00f3n de los miembros de la Papal Foundation, acompa\u00f1ados por el arzobispo de Washington, Cardenal Donald Wuerl. El Papa, en el discurso que les entreg\u00f3, agradece la ayuda solidaria y espiritual que presta al Pont\u00edfice esta Fundaci\u00f3n desde su creaci\u00f3n, en 1988. Una respuesta al deseo de religiosos y laicos en los EEUU de apoyar de una manera sostenible al Santo Padre y su testimonio en el mundo.<\/p>\n<p align=\"justify\"><b><br \/>\nTextualmente el Santo Padre afirma: <\/b><br \/>\n\u201cEn los veinticinco a\u00f1os transcurridos desde la creaci\u00f3n de la Fundaci\u00f3n, ustedes y sus afiliados han ayudado al Sucesor de Pedro, apoyando muchas obras de apostolado y de caridad, sobre todo cercanas a su coraz\u00f3n. En estos a\u00f1os, han contribuido de manera significativa al crecimiento de muchas Iglesias particulares en los pa\u00edses en v\u00edas de desarrollo mediante el apoyo, entre otras cosas, de la formaci\u00f3n permanente del clero y de los religiosos, ofreciendo ayuda, asistencia m\u00e9dica y la atenci\u00f3n a los pobres y necesitados, y creando oportunidades de formaci\u00f3n y trabajo especialmente necesarias\u201d.<br \/>\n\u201cQue el quincuag\u00e9simo aniversario de la enc\u00edclica Pacem in Terris de Juan XXIII, que se recuerda hoy -dijo el Papa- sea un incentivo siempre para su compromiso en la promoci\u00f3n de la reconciliaci\u00f3n y la paz en todos los niveles\u201d. Y luego prosigue:<br \/>\n\u201cLes estoy muy agradecido por todo. Las necesidades del Pueblo de Dios en el mundo son grandes, y los esfuerzos de ustedes para avanzar en la misi\u00f3n de la Iglesia est\u00e1n ayudando a luchar contra muchas formas de pobreza material y espiritual presente en la familia humana, contribuyendo al crecimiento de la fraternidad y la paz\u201d.<br \/>\nEl Santo Padre les asegura sus oraciones y les pide, a su vez, que recen por \u00e9l y \u201csu ministerio, por las necesidades de la Iglesia, y sobre todo para que las mentes y los corazones se conviertan a la belleza, la bondad y la verdad del Evangelio\u201d.<\/p>\n<p align=\"justify\">Radio Vaticana<\/p>\n","protected":false},"excerpt":{"rendered":"<p>Apoyo solidario y espiritual al Papa Francisco y su testimonio en el mundo Como es habitual todos los a\u00f1os por estas fechas, Francisco recibi\u00f3, por primera vez, esta ma\u00f1ana la peregrinaci\u00f3n de los miembros de la Papal Foundation, acompa\u00f1ados por el arzobispo de Washington, Cardenal Donald Wuerl. El Papa, en el discurso que les entreg\u00f3, &hellip; <a href=\"https:\/\/www.biblia.work\/sermones\/apoyo-solidario-y-espiritual-al-papa-francisco-y-su-testimonio-en-el-mundo\/\" class=\"more-link\">Continuar leyendo<span class=\"screen-reader-text\"> \u00abApoyo solidario y espiritual al Papa Francisco y su testimonio en el mundo\u00bb<\/span><\/a><\/p>\n","protected":false},"author":1,"featured_media":0,"comment_status":"open","ping_status":"closed","sticky":false,"template":"","format":"standard","meta":{"footnotes":""},"categories":[1],"tags":[],"class_list":["post-38320","post","type-post","status-publish","format-standard","hentry","category-general"],"_links":{"self":[{"href":"https:\/\/www.biblia.work\/sermones\/wp-json\/wp\/v2\/posts\/38320","targetHints":{"allow":["GET"]}}],"collection":[{"href":"https:\/\/www.biblia.work\/sermones\/wp-json\/wp\/v2\/posts"}],"about":[{"href":"https:\/\/www.biblia.work\/sermones\/wp-json\/wp\/v2\/types\/post"}],"author":[{"embeddable":true,"href":"https:\/\/www.biblia.work\/sermones\/wp-json\/wp\/v2\/users\/1"}],"replies":[{"embeddable":true,"href":"https:\/\/www.biblia.work\/sermones\/wp-json\/wp\/v2\/comments?post=38320"}],"version-history":[{"count":0,"href":"https:\/\/www.biblia.work\/sermones\/wp-json\/wp\/v2\/posts\/38320\/revisions"}],"wp:attachment":[{"href":"https:\/\/www.biblia.work\/sermones\/wp-json\/wp\/v2\/media?parent=38320"}],"wp:term":[{"taxonomy":"category","embeddable":true,"href":"https:\/\/www.biblia.work\/sermones\/wp-json\/wp\/v2\/categories?post=38320"},{"taxonomy":"post_tag","embeddable":true,"href":"https:\/\/www.biblia.work\/sermones\/wp-json\/wp\/v2\/tags?post=38320"}],"curies":[{"name":"wp","href":"https:\/\/api.w.org\/{rel}","templated":true}]}}