{"id":38321,"date":"2016-06-21T17:43:31","date_gmt":"2016-06-21T22:43:31","guid":{"rendered":"http:\/\/www.biblia.work\/sermones\/fallece-a-los-90-anos-cardenal-italiano-lorenzo-antonetti\/"},"modified":"2016-06-21T17:43:31","modified_gmt":"2016-06-21T22:43:31","slug":"fallece-a-los-90-anos-cardenal-italiano-lorenzo-antonetti","status":"publish","type":"post","link":"https:\/\/www.biblia.work\/sermones\/fallece-a-los-90-anos-cardenal-italiano-lorenzo-antonetti\/","title":{"rendered":"Fallece a los 90 a\u00f1os cardenal italiano Lorenzo Antonetti"},"content":{"rendered":"<p align=\"justify\"><em>Fallece a los 90 a\u00f1os cardenal italiano Lorenzo Antonetti<\/em><\/p>\n<p align=\"justify\">El cardenal italiano\u00a0<b>Lorenzo Antonetti<\/b>, que fue presidente de la Administraci\u00f3n del Patrimonio Apost\u00f3lico de la Santa Sede (APSA) y nuncio en Nicaragua y Honduras, falleci\u00f3 hoy en la ciudad norte\u00f1a italiana de Novara a los 90 a\u00f1os de edad, inform\u00f3 el Vaticano.<\/p>\n<p align=\"justify\">Tras conocer su fallecimiento,\u00a0el papa Francisco envi\u00f3 un telegrama de p\u00e9same\u00a0al arzobispo de Novara, Franco Giulio Brambilla, y a sus familiares, en el que expres\u00f3 su pesar por la muerte de purpurado y destac\u00f3 la &#8220;diligente colaboraci\u00f3n&#8221; con la Santa Sede, &#8220;all\u00ed donde estuviese&#8221;.<\/p>\n<p align=\"justify\">El papa Bergoglio resalt\u00f3 asimismo el celo sacerdotal y fidelidad al Evangelio que siempre mostr\u00f3.<\/p>\n<p align=\"justify\">Lorenzo Antonetti\u00a0naci\u00f3 en Romagnano Sesia\u00a0(Novara) el 31 de julio de 1922. Fue ordenado sacerdote en 1945 en Novara y entr\u00f3 en la Academia Pontificia Eclesi\u00e1stica, la escuela diplom\u00e1tica de la Santa Sede.<\/p>\n<p align=\"justify\">Prest\u00f3 servicios en las nunciaturas de Beirut, Caracas, Par\u00eds y Washington. Fue nuncio en Nicaragua y Honduras (1968-1973) y en Kinshasa, del por entonces Zaire.<\/p>\n<p align=\"justify\">Fue presidente del APSA, el organismo que controla la administraci\u00f3n del patrimonio apost\u00f3lico de la Santa Sede, desde 1995 a 1996, a\u00f1o en el que fue nombrado delegado pontificio para la Patriarcal Bas\u00edlica de san Francisco de As\u00eds (Italia), hasta 2006.<\/p>\n<p align=\"justify\">Fue creado cardenal por el papa Juan Pablo II en el consistorio que celebr\u00f3 el 21 de febrero de 1998.<\/p>\n<p align=\"justify\">Con su muerte, el Colegio Cardenalicio queda compuesto por 205 purpurados, de ellos 113 menores de 80 a\u00f1os, que pueden participar en un eventual c\u00f3nclave, y 92 que superan los 80 a\u00f1os y no pueden participar, aunque si pueden ser elegidos papa.<\/p>\n","protected":false},"excerpt":{"rendered":"<p>Fallece a los 90 a\u00f1os cardenal italiano Lorenzo Antonetti El cardenal italiano\u00a0Lorenzo Antonetti, que fue presidente de la Administraci\u00f3n del Patrimonio Apost\u00f3lico de la Santa Sede (APSA) y nuncio en Nicaragua y Honduras, falleci\u00f3 hoy en la ciudad norte\u00f1a italiana de Novara a los 90 a\u00f1os de edad, inform\u00f3 el Vaticano. Tras conocer su fallecimiento,\u00a0el &hellip; <a href=\"https:\/\/www.biblia.work\/sermones\/fallece-a-los-90-anos-cardenal-italiano-lorenzo-antonetti\/\" class=\"more-link\">Continuar leyendo<span class=\"screen-reader-text\"> \u00abFallece a los 90 a\u00f1os cardenal italiano Lorenzo Antonetti\u00bb<\/span><\/a><\/p>\n","protected":false},"author":1,"featured_media":0,"comment_status":"open","ping_status":"closed","sticky":false,"template":"","format":"standard","meta":{"footnotes":""},"categories":[1],"tags":[],"class_list":["post-38321","post","type-post","status-publish","format-standard","hentry","category-general"],"_links":{"self":[{"href":"https:\/\/www.biblia.work\/sermones\/wp-json\/wp\/v2\/posts\/38321","targetHints":{"allow":["GET"]}}],"collection":[{"href":"https:\/\/www.biblia.work\/sermones\/wp-json\/wp\/v2\/posts"}],"about":[{"href":"https:\/\/www.biblia.work\/sermones\/wp-json\/wp\/v2\/types\/post"}],"author":[{"embeddable":true,"href":"https:\/\/www.biblia.work\/sermones\/wp-json\/wp\/v2\/users\/1"}],"replies":[{"embeddable":true,"href":"https:\/\/www.biblia.work\/sermones\/wp-json\/wp\/v2\/comments?post=38321"}],"version-history":[{"count":0,"href":"https:\/\/www.biblia.work\/sermones\/wp-json\/wp\/v2\/posts\/38321\/revisions"}],"wp:attachment":[{"href":"https:\/\/www.biblia.work\/sermones\/wp-json\/wp\/v2\/media?parent=38321"}],"wp:term":[{"taxonomy":"category","embeddable":true,"href":"https:\/\/www.biblia.work\/sermones\/wp-json\/wp\/v2\/categories?post=38321"},{"taxonomy":"post_tag","embeddable":true,"href":"https:\/\/www.biblia.work\/sermones\/wp-json\/wp\/v2\/tags?post=38321"}],"curies":[{"name":"wp","href":"https:\/\/api.w.org\/{rel}","templated":true}]}}