{"id":38322,"date":"2016-06-21T17:43:35","date_gmt":"2016-06-21T22:43:35","guid":{"rendered":"http:\/\/www.biblia.work\/sermones\/conferencia-internacional-en-la-santa-sede-medicina-regeneradora-cambio-fundamental-en-la-ciencia-y-la-cultura\/"},"modified":"2016-06-21T17:43:35","modified_gmt":"2016-06-21T22:43:35","slug":"conferencia-internacional-en-la-santa-sede-medicina-regeneradora-cambio-fundamental-en-la-ciencia-y-la-cultura","status":"publish","type":"post","link":"https:\/\/www.biblia.work\/sermones\/conferencia-internacional-en-la-santa-sede-medicina-regeneradora-cambio-fundamental-en-la-ciencia-y-la-cultura\/","title":{"rendered":"Conferencia Internacional en la Santa Sede \u201cMedicina regeneradora: cambio fundamental en la ciencia y la cultura\u201d"},"content":{"rendered":"<p align=\"justify\"><b>Conferencia Internacional en la Santa Sede \u201cMedicina regeneradora: cambio fundamental en la ciencia y la cultura\u201d<\/b><\/p>\n<p align=\"justify\">La Iglesia apoya una investigaci\u00f3n \u00e9tica y de calidad<\/p>\n<p align=\"justify\">Esta ma\u00f1ana en la <b>Oficina de Prensa de la Santa Sede<\/b> ha tenido lugar la presentaci\u00f3n de la <b>Conferencia Internacional \u201cMedicina regeneradora: cambio fundamental en la ciencia y la cultura\u201d <\/b>que tendr\u00e1 lugar en el Aula Nueva del S\u00ednodo en el Vaticano del 11 al 13 de abril. Han intervenido el cardenal <b>Gianfranco Ravasi<\/b>, Presidente del Pontificio Consejo para la Cultura; la doctora <b>Robin Smith<\/b>, Administradora delegada de la NeoStem y Presidente de la Stem for Life Foundation y monse\u00f1or <b>Tomasz Trafny<\/b>, del Departamento cient\u00edfico del Pontificio Consejo para la Cultura.<\/p>\n<p align=\"justify\">\u201cLa Conferencia -ha dicho monse\u00f1or Trafny- forma parte de un proyecto que ha ido evolucionando gracias a la generosidad, determinaci\u00f3n y pasi\u00f3n de muchas personas pertenecientes a diversas comunidades: la Fundaci\u00f3n Stem for Life; la cient\u00edfica; la de los benefactores; la de los periodistas y la de los agentes de pastoral\u201d.<\/p>\n<p align=\"justify\">\u201cHay tres conjuntos de palabras que idealmente describen nuestro recorrido. La primera serie est\u00e1 unida a los objetivos que nos fijamos preparando el Congreso Internacional de 2011: conocer, entender, estudiar&#8230; Quer\u00edamos entender que consecuencias podr\u00eda tener en la sociedad y en la cultura la investigaci\u00f3n en el \u00e1mbito de la medicina regeneradora y de las c\u00e9lulas estaminales adultas en particular. Ten\u00edamos muy claro que no se pueden entender la repercusi\u00f3n y las din\u00e1micas culturales de la investigaci\u00f3n sin haberla conocido previamente; y no se puede conocerla sin haberla estudiado &#8230; Esta perspectiva de estudio y reflexi\u00f3n constante es siempre v\u00e1lida porque la investigaci\u00f3n contin\u00faa y nosotros no queremos seguirla sino acompa\u00f1arla\u201d.<\/p>\n<p align=\"justify\">Pero los organizadores del Congreso de 2011 se percataron de que ese recorrido ten\u00eda que enriquecerse con tres t\u00e9rminos m\u00e1s: traducir, formar, difundir. \u201cNos dimos cuenta -ha observado mons. Trafny- de que la ciencia contempor\u00e1nea cada vez m\u00e1s a menudo parece herm\u00e9tica e impenetrable para los profanos y necesita una \u201ctraducci\u00f3n\u201d sin la cual resulta dif\u00edcil y, a veces, imposible seguir su desarrollo. Nos orientamos entonces sobre el primer concepto pidiendo a los relatores que dieran una forma asequible a sus conocimientos para aquellos que no tienen una formaci\u00f3n cient\u00edfica. E, inmediatamente despu\u00e9s de la Conferencia, nos dedicamos a individuar estrategias de formaci\u00f3n y difusi\u00f3n de cara a una elevada divulgaci\u00f3n. La publicaci\u00f3n del volumen \u201cThe Healing Cell\u201d forma parte de este recorrido y estamos muy contentos porque hemos podido presentarlo en edici\u00f3n limitada a Benedicto XVI\u201d.<\/p>\n<p align=\"justify\">A estos dos recorridos hoy se a\u00f1ade un tercero, siempre compuesto de tres palabras:incidir, sostener, colaborar. \u201cQueremos incidir culturalmente en la sociedad, indicando modelos de investigaci\u00f3n de excelencia que est\u00e9n en sinton\u00eda con los valores de la tutela de la vida y de la dignidad del ser humano desde su concepci\u00f3n. Sin embargo, somos conscientes de que no se puede incidir en la sociedad y en la cultura de forma permanente sin un respaldo constante y de amplias miras de los l\u00edderes religiosos, sociales y pol\u00edticos, de los empresarios y de los benefactores, dispuestos a comprometerse en el desarrollo de proyectos de investigaci\u00f3n cient\u00edfica, bio\u00e9tica y cultural a largo plazo. En fin, estamos convencidos de que para ello es necesario superar prejuicios y antagonismos, promoviendo el di\u00e1logo y la cooperaci\u00f3n en diversos \u00e1mbitos. Por eso nos sentimos llamados a colaborar con los m\u00e1s prestigiosos catedr\u00e1ticos, institutos de investigaci\u00f3n y universidades de todo el mundo\u201d.<\/p>\n<p align=\"justify\">Por \u00faltimo, monse\u00f1or Trafny ha invitado a los periodistas a dar a conocer la pr\u00f3xima Conferencia Internacional para transmitir \u201cel mensaje positivo, alentador y optimista del apoyo de la Iglesia a una investigaci\u00f3n \u00e9tica de calidad, tanto a los estudiosos para que no tengan dudas de nuestro compromiso, como a los que viven el drama de las enfermedades degenerativas y desean que la investigaci\u00f3n les d\u00e9 se\u00f1ales de esperanza\u201d.<\/p>\n<p align=\"justify\">&nbsp;<\/p>\n<p align=\"justify\">Ciudad del Vaticano, 9 abril 2013 (VIS).-<\/p>\n","protected":false},"excerpt":{"rendered":"<p>Conferencia Internacional en la Santa Sede \u201cMedicina regeneradora: cambio fundamental en la ciencia y la cultura\u201d La Iglesia apoya una investigaci\u00f3n \u00e9tica y de calidad Esta ma\u00f1ana en la Oficina de Prensa de la Santa Sede ha tenido lugar la presentaci\u00f3n de la Conferencia Internacional \u201cMedicina regeneradora: cambio fundamental en la ciencia y la cultura\u201d &hellip; <a href=\"https:\/\/www.biblia.work\/sermones\/conferencia-internacional-en-la-santa-sede-medicina-regeneradora-cambio-fundamental-en-la-ciencia-y-la-cultura\/\" class=\"more-link\">Continuar leyendo<span class=\"screen-reader-text\"> \u00abConferencia Internacional en la Santa Sede \u201cMedicina regeneradora: cambio fundamental en la ciencia y la cultura\u201d\u00bb<\/span><\/a><\/p>\n","protected":false},"author":1,"featured_media":0,"comment_status":"open","ping_status":"closed","sticky":false,"template":"","format":"standard","meta":{"footnotes":""},"categories":[1],"tags":[],"class_list":["post-38322","post","type-post","status-publish","format-standard","hentry","category-general"],"_links":{"self":[{"href":"https:\/\/www.biblia.work\/sermones\/wp-json\/wp\/v2\/posts\/38322","targetHints":{"allow":["GET"]}}],"collection":[{"href":"https:\/\/www.biblia.work\/sermones\/wp-json\/wp\/v2\/posts"}],"about":[{"href":"https:\/\/www.biblia.work\/sermones\/wp-json\/wp\/v2\/types\/post"}],"author":[{"embeddable":true,"href":"https:\/\/www.biblia.work\/sermones\/wp-json\/wp\/v2\/users\/1"}],"replies":[{"embeddable":true,"href":"https:\/\/www.biblia.work\/sermones\/wp-json\/wp\/v2\/comments?post=38322"}],"version-history":[{"count":0,"href":"https:\/\/www.biblia.work\/sermones\/wp-json\/wp\/v2\/posts\/38322\/revisions"}],"wp:attachment":[{"href":"https:\/\/www.biblia.work\/sermones\/wp-json\/wp\/v2\/media?parent=38322"}],"wp:term":[{"taxonomy":"category","embeddable":true,"href":"https:\/\/www.biblia.work\/sermones\/wp-json\/wp\/v2\/categories?post=38322"},{"taxonomy":"post_tag","embeddable":true,"href":"https:\/\/www.biblia.work\/sermones\/wp-json\/wp\/v2\/tags?post=38322"}],"curies":[{"name":"wp","href":"https:\/\/api.w.org\/{rel}","templated":true}]}}