{"id":38324,"date":"2016-06-21T17:43:44","date_gmt":"2016-06-21T22:43:44","guid":{"rendered":"http:\/\/www.biblia.work\/sermones\/entrevista-entre-el-papa-francisco-y-el-secretario-general-de-la-onu\/"},"modified":"2016-06-21T17:43:44","modified_gmt":"2016-06-21T22:43:44","slug":"entrevista-entre-el-papa-francisco-y-el-secretario-general-de-la-onu","status":"publish","type":"post","link":"https:\/\/www.biblia.work\/sermones\/entrevista-entre-el-papa-francisco-y-el-secretario-general-de-la-onu\/","title":{"rendered":"Entrevista entre el Papa Francisco y el secretario general de la ONU"},"content":{"rendered":"<p align=\"justify\"><b>Entrevista entre el Papa Francisco y el secretario general de la ONU<\/b><\/p>\n<p align=\"justify\">Emergencias humanitarias, refugiados, trata de personas e inestabilidad: temas centrales del encuentro entre el Papa y el secretario general de la ONU<\/p>\n<p align=\"justify\">El Santo Padre ha recibido esta ma\u00f1ana en audiencia en el Palacio Apost\u00f3lico Vaticano al Secretario General de la Organizaci\u00f3n de las Naciones Unidas, Ban- Ki-Moon, que sucesivamente se ha encontrado con el cardenal Tarcisio Bertone ,Secretario de Estado, a quien acompa\u00f1aba monse\u00f1or Antoine Camilleri, Subsecretario para las Relaciones con los Estados.<\/p>\n<p align=\"justify\">\u201cEl encuentro -informa un comunicado- se sit\u00faa en la l\u00ednea de las audiencias que los pont\u00edfices conceden a los diversos Secretarios Generales de las Naciones Unidas y expresa la estima de la Santa Sede por el papel clave de las Naciones Unidas en la defensa de la paz en el mundo, en la promoci\u00f3n del bien com\u00fan de la humanidad y en la tutela de los derechos fundamentales del ser humano\u201d.<\/p>\n<p align=\"justify\">\u201cEn los coloquios, caracterizados por la cordialidad, se han abordado cuestiones de inter\u00e9s rec\u00edproco. En particular se ha hablado de las situaciones de conflicto y de grave emergencia humanitaria, sobre todo en Siria, y de otras, como las de la pen\u00ednsula coreana y del continente africano, donde la paz y la estabilidad se ven amenazadas. Se han tratado igualmente los problemas de la trata de personas, especialmente de las mujeres, y los de los refugiados y emigrantes. El Secretario General de la ONU, que ha iniciado hace poco su segundo mandato, ha presentado su programa para el pr\u00f3ximo quinquenio, centrado, entre otras cosas en la prevenci\u00f3n de los conflictos, la solidaridad internacional y el desarrollo econ\u00f3mico ecuo y sostenible\u201d.<\/p>\n<p align=\"justify\">\u201cEl Papa Francisco ha recordado tambi\u00e9n la aportaci\u00f3n de la Iglesia Cat\u00f3lica, a partir de su identidad y de los medios que le son propios, en favor de la dignidad humana integral y de la promoci\u00f3n de una \u201ccultura del encuentro\u201d que concurra a los fines institucionales m\u00e1s elevados de la ONU\u201d.<\/p>\n<p align=\"justify\">&nbsp;<\/p>\n<p align=\"right\">Ciudad del Vaticano, 9 abril 2013 (VIS).-<\/p>\n","protected":false},"excerpt":{"rendered":"<p>Entrevista entre el Papa Francisco y el secretario general de la ONU Emergencias humanitarias, refugiados, trata de personas e inestabilidad: temas centrales del encuentro entre el Papa y el secretario general de la ONU El Santo Padre ha recibido esta ma\u00f1ana en audiencia en el Palacio Apost\u00f3lico Vaticano al Secretario General de la Organizaci\u00f3n de &hellip; <a href=\"https:\/\/www.biblia.work\/sermones\/entrevista-entre-el-papa-francisco-y-el-secretario-general-de-la-onu\/\" class=\"more-link\">Continuar leyendo<span class=\"screen-reader-text\"> \u00abEntrevista entre el Papa Francisco y el secretario general de la ONU\u00bb<\/span><\/a><\/p>\n","protected":false},"author":1,"featured_media":0,"comment_status":"open","ping_status":"closed","sticky":false,"template":"","format":"standard","meta":{"footnotes":""},"categories":[1],"tags":[],"class_list":["post-38324","post","type-post","status-publish","format-standard","hentry","category-general"],"_links":{"self":[{"href":"https:\/\/www.biblia.work\/sermones\/wp-json\/wp\/v2\/posts\/38324","targetHints":{"allow":["GET"]}}],"collection":[{"href":"https:\/\/www.biblia.work\/sermones\/wp-json\/wp\/v2\/posts"}],"about":[{"href":"https:\/\/www.biblia.work\/sermones\/wp-json\/wp\/v2\/types\/post"}],"author":[{"embeddable":true,"href":"https:\/\/www.biblia.work\/sermones\/wp-json\/wp\/v2\/users\/1"}],"replies":[{"embeddable":true,"href":"https:\/\/www.biblia.work\/sermones\/wp-json\/wp\/v2\/comments?post=38324"}],"version-history":[{"count":0,"href":"https:\/\/www.biblia.work\/sermones\/wp-json\/wp\/v2\/posts\/38324\/revisions"}],"wp:attachment":[{"href":"https:\/\/www.biblia.work\/sermones\/wp-json\/wp\/v2\/media?parent=38324"}],"wp:term":[{"taxonomy":"category","embeddable":true,"href":"https:\/\/www.biblia.work\/sermones\/wp-json\/wp\/v2\/categories?post=38324"},{"taxonomy":"post_tag","embeddable":true,"href":"https:\/\/www.biblia.work\/sermones\/wp-json\/wp\/v2\/tags?post=38324"}],"curies":[{"name":"wp","href":"https:\/\/api.w.org\/{rel}","templated":true}]}}