{"id":38326,"date":"2016-06-21T17:43:56","date_gmt":"2016-06-21T22:43:56","guid":{"rendered":"http:\/\/www.biblia.work\/sermones\/jose-rodriguez-carballo-ofm-nombrado-secretario-de-la-congregacion-para-los-institutos-de-vida-consagrada-y-las-sociedades-de-vida-apostolica\/"},"modified":"2016-06-21T17:43:56","modified_gmt":"2016-06-21T22:43:56","slug":"jose-rodriguez-carballo-ofm-nombrado-secretario-de-la-congregacion-para-los-institutos-de-vida-consagrada-y-las-sociedades-de-vida-apostolica","status":"publish","type":"post","link":"https:\/\/www.biblia.work\/sermones\/jose-rodriguez-carballo-ofm-nombrado-secretario-de-la-congregacion-para-los-institutos-de-vida-consagrada-y-las-sociedades-de-vida-apostolica\/","title":{"rendered":"Jos\u00e9 Rodr\u00edguez Carballo (OFM) nombrado Secretario de la Congregaci\u00f3n para los Institutos de Vida Consagrada y las Sociedades de Vida Apost\u00f3lica"},"content":{"rendered":"<p align=\"justify\">El espa\u00f1ol <b>Jos\u00e9 Rodr\u00edguez Carballo (OFM) nombrado Secretario de la Congregaci\u00f3n para los Institutos de Vida Consagrada y las Sociedades de Vida Apost\u00f3lica<\/b><\/p>\n<p align=\"justify\">El Papa Francisco ha nombrado Secretario de la Congregaci\u00f3n para los Institutos de Vida Consagrada y las Sociedades de Vida Apost\u00f3lica al espa\u00f1ol Jos\u00e9 Rodr\u00edguez Carballo, Ministro General de la Orden Franciscana de los Frailes Menores (OFM), el tiempo mismo elevarlo a titular Belcastro, con la dignidad de Arzobispo.<\/p>\n<p align=\"justify\">Fr. Jos\u00e9 Rodr\u00edguez Carballo, ofm, naci\u00f3 en Lodoselo, Provincia y Di\u00f3cesis de Ourense, Espa\u00f1a, el 11 de agosto de 1953, y bautizado en la Iglesia parroquial de Santa Mar\u00eda el 16 del mismo mes. En 1964 entr\u00f3 en el Seminario menor de la Provincia Franciscana de Santiago de Compostela, en Castroverde de Campos (Zamora), donde frecuent\u00f3 el primer a\u00f1o del segundo ciclo de estudios, y del segundo al quinto a\u00f1o en el Seminario de Herb\u00f3n (La Coru\u00f1a), el sexto a\u00f1o lo curs\u00f3 en el Convento franciscano de Ponteareas.<\/p>\n<p align=\"justify\">Realiz\u00f3 el a\u00f1o de noviciado en el mismo Convento de Ponteareas, donde tom\u00f3 el h\u00e1bito franciscano el 31 de julio de 1970 e hizo su profesi\u00f3n de votos temporales el 9 de agosto de 1971.<\/p>\n<p align=\"justify\">De Ponteareas fue destinado a la Fraternidad de Santiago de Compostela, y en el Centro de Estudios Teol\u00f3gicos de la Ciudad, frecuent\u00f3 el bienio filos\u00f3fico (A\u00f1os acad\u00e9micos 1971-1972 y 1972-1973).<br \/>\nEn 1973 fue trasladado a Jerusal\u00e9n, a la Custodia de Tierra Santa, donde frecuent\u00f3 los estudios teol\u00f3gicos (desde 1973 hasta 1976).<br \/>\nEl 8 de diciembre de 1976, en Nazaret, en la Bas\u00edlica de la Anunciaci\u00f3n, Fr. Jos\u00e9 emiti\u00f3 su Profesi\u00f3n Solemne en las manos de Fr. Justo Artaraz, ofm, Guardi\u00e1n de la Fraternidad. Y el 23 de junio de 1976 obtuvo el t\u00edtulo de Bachiller en Sagrada Teolog\u00eda.<\/p>\n<p align=\"justify\">El 28 de junio de1977, en la solemnidad de San Pedro, tambi\u00e9n en Jerusal\u00e9n, fue ordenado sacerdote en la Iglesia de San Salvador.<\/p>\n<p align=\"justify\">En los a\u00f1os acad\u00e9micos de 1976 al 1979 frecuent\u00f3 el Studium Biblicum Franciscanum de la Flagelaci\u00f3n (Jerusal\u00e9n), donde, en el mes de junio de 1978 consigui\u00f3 la Licenciatura en Teolog\u00eda B\u00edblica.<\/p>\n<p align=\"justify\">En octubre de 1978 se inscribi\u00f3 en el Pontificio Instituto B\u00edblico de Roma, y en 1981, obtuvo el t\u00edtulo de Licenciatura en Sagrada Escritura.<\/p>\n<p align=\"justify\">En junio del mismo a\u00f1o, volvi\u00f3 a su Provincia de Santiago de Compostela, y fue destinado a la Fraternidad de Ponteareas. All\u00ed fue Maestro de Postulantes y ec\u00f3nomo de la Fraternidad.<\/p>\n<p align=\"justify\">En mayo de 1982 fue nombrado Maestro de Novicios.<\/p>\n<p align=\"justify\">En el Cap\u00edtulo Provincial de 1983 fue elegido Definidor Provincial y en el Congreso Capitular sucesivo, fue nombrado Secretario Provincial para la Formaci\u00f3n y los Estudios, Comisario de Tierra Santa y Maestro de Novicios.<\/p>\n<p align=\"justify\">En octubre de 1989 fue nombrado Guardi\u00e1n y Rector del Convento de San Francisco en Santiago de Compostela, y Maestro de Hermanos de Profesi\u00f3n Temporal, servicio que ejerci\u00f3 hasta el Cap\u00edtulo de 1992.<\/p>\n<p align=\"justify\">En ese tiempo de 1982 hasta 1992 fue profesor en el Seminario Diocesano de Vigo, en los cursos institucionales de Sagrada Escritura. Desde 1985 a 1992 fue profesor de Sagrada Escrituras donde dict\u00f3 lecciones sobre los Libros Sapienciales y Prof\u00e9ticos en el Centro de Estudios Teol\u00f3gicos de Santiago de Compostela. En los a\u00f1os acad\u00e9micos de 1991-1992 y 1994-1995, ense\u00f1\u00f3 tambi\u00e9n Teolog\u00eda de la Vida Consagrada.<\/p>\n<p align=\"justify\">En 1992, la Provincia de Santiago de Compostela, lo elige Ministro Provincial, y en 1993 fue nombrado Presidente de la Uni\u00f3n de Ministro Provinciales Franciscanos de Europa (UFME), cargo desempe\u00f1ado hasta el 1997.<\/p>\n<p align=\"justify\">El 16 de mayo de 1997 fue elegido Definidor general de la Orden. En la sesi\u00f3n del Definitorio general, celebrada el 21 de junio de 1997, Fr. Jos\u00e9, fue nombrado Secretario general para la Formaci\u00f3n y los Estudios de toda la Orden; y en la sesi\u00f3n del 5 de julio del mismo a\u00f1o, Delegado del Gran Canciller para el Pontificio Ateneo Antonianum (Roma).<\/p>\n<p align=\"justify\">Fr. Jos\u00e9 fue Visitador general de la Custodia de los Santos M\u00e1rtires de Marruecos en 1995, de la Provincia Franciscana de San Salvador de Horta de Catalu\u00f1a en Espa\u00f1a en 1998; de las Casas de Formaci\u00f3n de las Provincia de la Asunci\u00f3n (1999) y de San Francisco en Polonia (2001).<\/p>\n<p align=\"justify\">El d\u00eda 5 de junio de 2003 fue elegido Ministro general de la Orden de los Frailes Menores, siendo el 119 sucesor de san Francisco de As\u00eds, y reelegido para otros seis a\u00f1os, el 4 de junio de 2009.<\/p>\n<p align=\"justify\">Es miembro de la Congregaci\u00f3n para la Evangelizaci\u00f3n de los Pueblos y para la Congregaci\u00f3n para los Institutos de Vida Consagrada y las Sociedades de Vida Apost\u00f3lica.<\/p>\n<p align=\"justify\">Ha participado en los S\u00ednodos de los Obispos de 2005 (La Eucarist\u00eda: fuente y cumbre de la vida y de la misi\u00f3n de la Iglesia), de 2008 (La Palabra de Dios en la vida y en la misi\u00f3n de la Iglesia), de 2010 (La Iglesia cat\u00f3lica en Oriente Medio: comuni\u00f3n y testimonio) y de 2012 (La nueva evangelizaci\u00f3n para la transmisi\u00f3n de la fe cristiana).<\/p>\n<p align=\"justify\">Ha participado, nombrado por el Santo Padre Benedicto XVI, en la V Conferencia General del Episcopado de Am\u00e9rica Latina y del Caribe en Aparecida-Brasil (2007).<\/p>\n<p align=\"justify\">Fue miembro del Consejo Ejecutivo de la Uni\u00f3n de Superiores Generales (2003-2012) y Presidente de la Comisi\u00f3n Teol\u00f3gica de dicho organismo en el trienio 2009-2012. El 23 de noviembre de 2012 fue elegido Presidente de la Uni\u00f3n de Superiores Generales (USG).<\/p>\n<p align=\"justify\">Habla espa\u00f1ol, gallego, italiano, franc\u00e9s, ingl\u00e9s, portugu\u00e9s, conoce el lat\u00edn, el griego b\u00edblico y hebreo b\u00edblico.<\/p>\n<p align=\"justify\">Tiene publicados numerosos art\u00edculos de revista sobre la Vida Consagrada y Religiosa, sobre Teolog\u00eda Pastoral, sobre Sagrada Escritura y Teolog\u00eda B\u00edblica y sobre espiritualidad franciscana. Colabor\u00f3 en la traducci\u00f3n de la Biblia en gallego traduciendo el libro de las Cr\u00f3nicas. Entre otras publicaciones destacan los libros: \u201cPar\u00e1bolas\u201d La Biblia (1991), y \u201cSan Francisco de As\u00eds y la Vida Religiosa\u201d BAC (2009).<\/p>\n<p align=\"justify\">(CdM &#8211; RV)<\/p>\n","protected":false},"excerpt":{"rendered":"<p>El espa\u00f1ol Jos\u00e9 Rodr\u00edguez Carballo (OFM) nombrado Secretario de la Congregaci\u00f3n para los Institutos de Vida Consagrada y las Sociedades de Vida Apost\u00f3lica El Papa Francisco ha nombrado Secretario de la Congregaci\u00f3n para los Institutos de Vida Consagrada y las Sociedades de Vida Apost\u00f3lica al espa\u00f1ol Jos\u00e9 Rodr\u00edguez Carballo, Ministro General de la Orden Franciscana &hellip; <a href=\"https:\/\/www.biblia.work\/sermones\/jose-rodriguez-carballo-ofm-nombrado-secretario-de-la-congregacion-para-los-institutos-de-vida-consagrada-y-las-sociedades-de-vida-apostolica\/\" class=\"more-link\">Continuar leyendo<span class=\"screen-reader-text\"> \u00abJos\u00e9 Rodr\u00edguez Carballo (OFM) nombrado Secretario de la Congregaci\u00f3n para los Institutos de Vida Consagrada y las Sociedades de Vida Apost\u00f3lica\u00bb<\/span><\/a><\/p>\n","protected":false},"author":1,"featured_media":0,"comment_status":"open","ping_status":"closed","sticky":false,"template":"","format":"standard","meta":{"footnotes":""},"categories":[1],"tags":[],"class_list":["post-38326","post","type-post","status-publish","format-standard","hentry","category-general"],"_links":{"self":[{"href":"https:\/\/www.biblia.work\/sermones\/wp-json\/wp\/v2\/posts\/38326","targetHints":{"allow":["GET"]}}],"collection":[{"href":"https:\/\/www.biblia.work\/sermones\/wp-json\/wp\/v2\/posts"}],"about":[{"href":"https:\/\/www.biblia.work\/sermones\/wp-json\/wp\/v2\/types\/post"}],"author":[{"embeddable":true,"href":"https:\/\/www.biblia.work\/sermones\/wp-json\/wp\/v2\/users\/1"}],"replies":[{"embeddable":true,"href":"https:\/\/www.biblia.work\/sermones\/wp-json\/wp\/v2\/comments?post=38326"}],"version-history":[{"count":0,"href":"https:\/\/www.biblia.work\/sermones\/wp-json\/wp\/v2\/posts\/38326\/revisions"}],"wp:attachment":[{"href":"https:\/\/www.biblia.work\/sermones\/wp-json\/wp\/v2\/media?parent=38326"}],"wp:term":[{"taxonomy":"category","embeddable":true,"href":"https:\/\/www.biblia.work\/sermones\/wp-json\/wp\/v2\/categories?post=38326"},{"taxonomy":"post_tag","embeddable":true,"href":"https:\/\/www.biblia.work\/sermones\/wp-json\/wp\/v2\/tags?post=38326"}],"curies":[{"name":"wp","href":"https:\/\/api.w.org\/{rel}","templated":true}]}}