{"id":38327,"date":"2016-06-21T17:44:00","date_gmt":"2016-06-21T22:44:00","guid":{"rendered":"http:\/\/www.biblia.work\/sermones\/papa-francisco-actuar-con-decision-ante-los-abusos-sexuales\/"},"modified":"2016-06-21T17:44:00","modified_gmt":"2016-06-21T22:44:00","slug":"papa-francisco-actuar-con-decision-ante-los-abusos-sexuales","status":"publish","type":"post","link":"https:\/\/www.biblia.work\/sermones\/papa-francisco-actuar-con-decision-ante-los-abusos-sexuales\/","title":{"rendered":"Papa Francisco: actuar con decisi\u00f3n ante los abusos sexuales"},"content":{"rendered":"<p style=\"text-align: justify;\"><strong>Papa Francisco: actuar con decisi\u00f3n ante los abusos sexuales<\/strong><\/p>\n<p style=\"text-align: justify;\">Ciudad del Vaticano, 5 abril 2013 (VIS).-El Santo Padre ha recibido esta ma\u00f1ana en audiencia al arzobispo Gerhard Ludwig M\u00fcller, Prefecto de la Congregaci\u00f3n para la Doctrina de la Fe -informa una nota emitida por ese dicasterio-. Con ocasi\u00f3n de la audiencia, en la que se han abordado diversos temas de competencia del dicasterio, el Papa ha recomendado en particular que la congregaci\u00f3n, prosiguiendo la l\u00ednea deseada por Benedicto XVI, act\u00fae con decisi\u00f3n en todo lo que se refiere a los casos de abuso sexual, promoviendo ante todo medidas de protecci\u00f3n de los menores, ayuda para los que en pasado han sufrido violencia, las medidas debidas hacia los culpables, el compromiso de las conferencias episcopales en la formulaci\u00f3n y actuaci\u00f3n de las directrices necesarias en este \u00e1mbito tan importante para el testimonio y la credibilidad de de la Iglesia. El Santo Padre ha asegurado que las v\u00edctimas de abusos est\u00e1n presentes, de modo especial, en su atenci\u00f3n por los que sufren y en sus oraciones por ellos.<\/p>\n","protected":false},"excerpt":{"rendered":"<p>Papa Francisco: actuar con decisi\u00f3n ante los abusos sexuales Ciudad del Vaticano, 5 abril 2013 (VIS).-El Santo Padre ha recibido esta ma\u00f1ana en audiencia al arzobispo Gerhard Ludwig M\u00fcller, Prefecto de la Congregaci\u00f3n para la Doctrina de la Fe -informa una nota emitida por ese dicasterio-. Con ocasi\u00f3n de la audiencia, en la que se &hellip; <a href=\"https:\/\/www.biblia.work\/sermones\/papa-francisco-actuar-con-decision-ante-los-abusos-sexuales\/\" class=\"more-link\">Continuar leyendo<span class=\"screen-reader-text\"> \u00abPapa Francisco: actuar con decisi\u00f3n ante los abusos sexuales\u00bb<\/span><\/a><\/p>\n","protected":false},"author":1,"featured_media":0,"comment_status":"open","ping_status":"closed","sticky":false,"template":"","format":"standard","meta":{"footnotes":""},"categories":[1],"tags":[],"class_list":["post-38327","post","type-post","status-publish","format-standard","hentry","category-general"],"_links":{"self":[{"href":"https:\/\/www.biblia.work\/sermones\/wp-json\/wp\/v2\/posts\/38327","targetHints":{"allow":["GET"]}}],"collection":[{"href":"https:\/\/www.biblia.work\/sermones\/wp-json\/wp\/v2\/posts"}],"about":[{"href":"https:\/\/www.biblia.work\/sermones\/wp-json\/wp\/v2\/types\/post"}],"author":[{"embeddable":true,"href":"https:\/\/www.biblia.work\/sermones\/wp-json\/wp\/v2\/users\/1"}],"replies":[{"embeddable":true,"href":"https:\/\/www.biblia.work\/sermones\/wp-json\/wp\/v2\/comments?post=38327"}],"version-history":[{"count":0,"href":"https:\/\/www.biblia.work\/sermones\/wp-json\/wp\/v2\/posts\/38327\/revisions"}],"wp:attachment":[{"href":"https:\/\/www.biblia.work\/sermones\/wp-json\/wp\/v2\/media?parent=38327"}],"wp:term":[{"taxonomy":"category","embeddable":true,"href":"https:\/\/www.biblia.work\/sermones\/wp-json\/wp\/v2\/categories?post=38327"},{"taxonomy":"post_tag","embeddable":true,"href":"https:\/\/www.biblia.work\/sermones\/wp-json\/wp\/v2\/tags?post=38327"}],"curies":[{"name":"wp","href":"https:\/\/api.w.org\/{rel}","templated":true}]}}