{"id":38330,"date":"2016-06-21T17:44:16","date_gmt":"2016-06-21T22:44:16","guid":{"rendered":"http:\/\/www.biblia.work\/sermones\/sesion-plenaria-de-la-pontificia-comision-biblica\/"},"modified":"2016-06-21T17:44:16","modified_gmt":"2016-06-21T22:44:16","slug":"sesion-plenaria-de-la-pontificia-comision-biblica","status":"publish","type":"post","link":"https:\/\/www.biblia.work\/sermones\/sesion-plenaria-de-la-pontificia-comision-biblica\/","title":{"rendered":"Sesi\u00f3n plenaria de la Pontificia Comisi\u00f3n B\u00edblica"},"content":{"rendered":"<p align=\"justify\"><b>Sesi\u00f3n plenaria de la<\/b> <b>Pontificia Comisi\u00f3n B\u00edblica<\/b><\/p>\n<p align=\"justify\">La <b>Pontificia Comisi\u00f3n B\u00edblica<\/b> celebrar\u00e1 su sesi\u00f3n plenaria anual del 8 al 12 de abril en la <b>Domus Sanctae Marthae de la Ciudad del Vaticano<\/b> bajo la presidencia del arzobispo <b>Gerhard Ludwig M\u00fcller<\/b>. Dirigir\u00e1 los trabajos de la asamblea el reverendo Padre Klemens Stock S.I., secretario general.<\/p>\n<p align=\"justify\">En el curso de la reuni\u00f3n se concluir\u00e1 el estudio del tema \u201cInspiraci\u00f3n y verdad en la Biblia\u201d. \u201cDesde hace algunos a\u00f1os -informa un comunicado de ese organismo- la Comisi\u00f3n ha decidido concentrar sus esfuerzos en verificar c\u00f3mo el tema de la inspiraci\u00f3n y el de la verdad se manifiestan en los diversos libros de la Sagrada Escritura.<\/p>\n<p align=\"justify\">El objetivo es brindar una aportaci\u00f3n positiva para que, comprendiendo en profundidad ambos conceptos la Palabra de Dios sea acogida por todos los fieles, de una forma cada vez m\u00e1s adecuada a este don singular en que Dios se comunica e invita a la humanidad a la comuni\u00f3n con \u00c9l\u201d.<\/p>\n<p align=\"justify\">Ciudad del Vaticano, 3 abril 2013 (VIS).-<\/p>\n","protected":false},"excerpt":{"rendered":"<p>Sesi\u00f3n plenaria de la Pontificia Comisi\u00f3n B\u00edblica La Pontificia Comisi\u00f3n B\u00edblica celebrar\u00e1 su sesi\u00f3n plenaria anual del 8 al 12 de abril en la Domus Sanctae Marthae de la Ciudad del Vaticano bajo la presidencia del arzobispo Gerhard Ludwig M\u00fcller. Dirigir\u00e1 los trabajos de la asamblea el reverendo Padre Klemens Stock S.I., secretario general. En &hellip; <a href=\"https:\/\/www.biblia.work\/sermones\/sesion-plenaria-de-la-pontificia-comision-biblica\/\" class=\"more-link\">Continuar leyendo<span class=\"screen-reader-text\"> \u00abSesi\u00f3n plenaria de la Pontificia Comisi\u00f3n B\u00edblica\u00bb<\/span><\/a><\/p>\n","protected":false},"author":1,"featured_media":0,"comment_status":"open","ping_status":"closed","sticky":false,"template":"","format":"standard","meta":{"footnotes":""},"categories":[1],"tags":[],"class_list":["post-38330","post","type-post","status-publish","format-standard","hentry","category-general"],"_links":{"self":[{"href":"https:\/\/www.biblia.work\/sermones\/wp-json\/wp\/v2\/posts\/38330","targetHints":{"allow":["GET"]}}],"collection":[{"href":"https:\/\/www.biblia.work\/sermones\/wp-json\/wp\/v2\/posts"}],"about":[{"href":"https:\/\/www.biblia.work\/sermones\/wp-json\/wp\/v2\/types\/post"}],"author":[{"embeddable":true,"href":"https:\/\/www.biblia.work\/sermones\/wp-json\/wp\/v2\/users\/1"}],"replies":[{"embeddable":true,"href":"https:\/\/www.biblia.work\/sermones\/wp-json\/wp\/v2\/comments?post=38330"}],"version-history":[{"count":0,"href":"https:\/\/www.biblia.work\/sermones\/wp-json\/wp\/v2\/posts\/38330\/revisions"}],"wp:attachment":[{"href":"https:\/\/www.biblia.work\/sermones\/wp-json\/wp\/v2\/media?parent=38330"}],"wp:term":[{"taxonomy":"category","embeddable":true,"href":"https:\/\/www.biblia.work\/sermones\/wp-json\/wp\/v2\/categories?post=38330"},{"taxonomy":"post_tag","embeddable":true,"href":"https:\/\/www.biblia.work\/sermones\/wp-json\/wp\/v2\/tags?post=38330"}],"curies":[{"name":"wp","href":"https:\/\/api.w.org\/{rel}","templated":true}]}}