{"id":38331,"date":"2016-06-21T17:44:20","date_gmt":"2016-06-21T22:44:20","guid":{"rendered":"http:\/\/www.biblia.work\/sermones\/visita-del-papa-francisco-a-la-necropolis-vaticana\/"},"modified":"2016-06-21T17:44:20","modified_gmt":"2016-06-21T22:44:20","slug":"visita-del-papa-francisco-a-la-necropolis-vaticana","status":"publish","type":"post","link":"https:\/\/www.biblia.work\/sermones\/visita-del-papa-francisco-a-la-necropolis-vaticana\/","title":{"rendered":"Visita del Papa Francisco a la necr\u00f3polis vaticana"},"content":{"rendered":"<p align=\"justify\"><b>\u00a0Visita del Papa Francisco a la necr\u00f3polis vaticana<\/b><\/p>\n<p align=\"justify\">El Papa visit\u00f3 ayer tarde la <b>tumba de San Pedro<\/b>, que se <b>encuentra en la<\/b> <b>necr\u00f3polis bajo la bas\u00edlica vaticana<\/b>, y se detuvo para rezar en la <b>Capillla Clementina<\/b>, el lugar m\u00e1s pr\u00f3ximo a la sepultura del primer ap\u00f3stol, que se halla exactamente debajo del altar central y de la c\u00fapula de la bas\u00edlica.<\/p>\n<p align=\"justify\">El Santo Padre recorri\u00f3 la calle central de la necr\u00f3polis acompa\u00f1ado por el cardenal Angelo Comastri, arcipreste de la bas\u00edlica de San Pedro, del obispo <b>Vittorio Lanzani<\/b>, Delegado de la F\u00e1brica de San Pedro y de los responsables de la necr\u00f3polis <b>Pietro Zanader y Mario Bosco<\/b>. Despu\u00e9s se dirigi\u00f3 a las Grutas vaticanas para rendir homenaje a las tumbas de los papas del pasado siglo sepultos all\u00ed: <b>Benedicto XV, P\u00edo Xi, P\u00edo XII, Pablo VI y Juan Pablo I<\/b>.<\/p>\n<p align=\"justify\">&nbsp;<\/p>\n<p align=\"justify\">Ciudad del Vaticano, 2 de abril (VIS).-<\/p>\n","protected":false},"excerpt":{"rendered":"<p>\u00a0Visita del Papa Francisco a la necr\u00f3polis vaticana El Papa visit\u00f3 ayer tarde la tumba de San Pedro, que se encuentra en la necr\u00f3polis bajo la bas\u00edlica vaticana, y se detuvo para rezar en la Capillla Clementina, el lugar m\u00e1s pr\u00f3ximo a la sepultura del primer ap\u00f3stol, que se halla exactamente debajo del altar central &hellip; <a href=\"https:\/\/www.biblia.work\/sermones\/visita-del-papa-francisco-a-la-necropolis-vaticana\/\" class=\"more-link\">Continuar leyendo<span class=\"screen-reader-text\"> \u00abVisita del Papa Francisco a la necr\u00f3polis vaticana\u00bb<\/span><\/a><\/p>\n","protected":false},"author":1,"featured_media":0,"comment_status":"open","ping_status":"closed","sticky":false,"template":"","format":"standard","meta":{"footnotes":""},"categories":[1],"tags":[],"class_list":["post-38331","post","type-post","status-publish","format-standard","hentry","category-general"],"_links":{"self":[{"href":"https:\/\/www.biblia.work\/sermones\/wp-json\/wp\/v2\/posts\/38331","targetHints":{"allow":["GET"]}}],"collection":[{"href":"https:\/\/www.biblia.work\/sermones\/wp-json\/wp\/v2\/posts"}],"about":[{"href":"https:\/\/www.biblia.work\/sermones\/wp-json\/wp\/v2\/types\/post"}],"author":[{"embeddable":true,"href":"https:\/\/www.biblia.work\/sermones\/wp-json\/wp\/v2\/users\/1"}],"replies":[{"embeddable":true,"href":"https:\/\/www.biblia.work\/sermones\/wp-json\/wp\/v2\/comments?post=38331"}],"version-history":[{"count":0,"href":"https:\/\/www.biblia.work\/sermones\/wp-json\/wp\/v2\/posts\/38331\/revisions"}],"wp:attachment":[{"href":"https:\/\/www.biblia.work\/sermones\/wp-json\/wp\/v2\/media?parent=38331"}],"wp:term":[{"taxonomy":"category","embeddable":true,"href":"https:\/\/www.biblia.work\/sermones\/wp-json\/wp\/v2\/categories?post=38331"},{"taxonomy":"post_tag","embeddable":true,"href":"https:\/\/www.biblia.work\/sermones\/wp-json\/wp\/v2\/tags?post=38331"}],"curies":[{"name":"wp","href":"https:\/\/api.w.org\/{rel}","templated":true}]}}