{"id":38332,"date":"2016-06-21T17:44:24","date_gmt":"2016-06-21T22:44:24","guid":{"rendered":"http:\/\/www.biblia.work\/sermones\/jornada-mundial-del-autismo-cristianos-solidarios-con-los-autistas-y-sus-familias\/"},"modified":"2016-06-21T17:44:24","modified_gmt":"2016-06-21T22:44:24","slug":"jornada-mundial-del-autismo-cristianos-solidarios-con-los-autistas-y-sus-familias","status":"publish","type":"post","link":"https:\/\/www.biblia.work\/sermones\/jornada-mundial-del-autismo-cristianos-solidarios-con-los-autistas-y-sus-familias\/","title":{"rendered":"Jornada Mundial del Autismo: Cristianos solidarios con los autistas y sus familias"},"content":{"rendered":"<p align=\"justify\"><b>Jornada Mundial del Autismo: Cristianos solidarios con los autistas y sus familias<\/b><\/p>\n<p align=\"justify\">Con motivo de la celebraci\u00f3n, este 2 de abril, de la 6\u00aa Jornada Mundial del Autismo, el Arzobispo Zygmunt Zimowski, Presidente del Consejo pontificio para la Pastoral de la Salud hizo p\u00fablico el siguiente Mensaje:<\/p>\n<p align=\"justify\">\u201cQueridos hermanos y hermanas, con motivo de la 6\u00aa Jornada Mundial del Autismo, que este a\u00f1o se coincide con el tiempo lit\u00fargico de la Pascua, el Consejo Pontificio para la Pastoral de la Salud desea expresar la preocupaci\u00f3n de la Iglesia por las personas con autismo y sus familias, invitando a la comunidad cristiana y a las personas de buena voluntad para que manifiesten gestos aut\u00e9nticos de solidaridad hacia ello\u201d<\/p>\n<p align=\"justify\">Como punto de partida de mi reflexi\u00f3n quiero destacar la actitud de Jes\u00fas que se acerca y camina con los dos disc\u00edpulos hacia Ema\u00fas. La confusi\u00f3n que se reflejaba en sus miradas y el asombro que se manifestaba en el lento caminar de Cleof\u00e1s y Sim\u00f3n los podemos encontrar de manera an\u00e1loga en las expresiones que marcan el rostro y el coraz\u00f3n de los padres que tienen un hijo o una hija que padece el autismo.<\/p>\n<p align=\"justify\">Autismo: una palabra que todav\u00eda produce susto a pesar del hecho de que muchas culturas, que tradicionalmente exclu\u00edan las discapacidades, han comenzado a aceptar socialmente a los &#8220;discapacitados&#8221;, a desmantelar muchos de los prejuicios que rodean a las personas con discapacidad, incluidos sus padres. Cuando se trata de definir el autismo viene como resultado inmediato un juicio negativo sobre la persona que lo padece, y de manera impl\u00edcita, una sentencia definitiva de exclusi\u00f3n en la sociedad. Por otro lado se tiene la idea de una persona incapaz de comunicarse eficazmente con los dem\u00e1s, y se percibe como encerrado en una &#8220;campana de cristal&#8221;, su inescrutable, pero maravilloso mundo interior.<\/p>\n<p align=\"justify\">Esta imagen \u201ct\u00edpica y estereotipada\u201d del ni\u00f1o autista es la que necesitamos revisar profundamente. A trav\u00e9s de su historia y desde sus inicios, la Iglesia siempre ha demostrado una gran preocupaci\u00f3n frente este \u00e1mbito de la medicina con un testimonio concreto al nivel universal. Ante todo el testimonio del amor que est\u00e1 por encima de cualquier estigma, en especial el estigma social que a\u00edsla al paciente y lo hace sentir como un cuerpo extra\u00f1o: me refiero a esa sensaci\u00f3n de soledad que a menudo se vive en la sociedad actual, y que se hace a\u00fan m\u00e1s presente en la salud moderna, muy avanzada en su &#8220;tecnicismo&#8221;, pero cada vez m\u00e1s carente de atenci\u00f3n a la dimensi\u00f3n emocional que deber\u00eda, ser a su vez, el aspecto determinante en cualquier acci\u00f3n o tratamiento terap\u00e9utico.<\/p>\n<p align=\"justify\">Frente a los problemas y dificultades que enfrentan los ni\u00f1os autistas y sus padres, la Iglesia ofrece con humildad el camino del servicio a estos hermanos que sufren, acompa\u00f1\u00e1ndolos mediante la compasi\u00f3n y la ternura en su dif\u00edcil camino humano y psico-relacional, mediante una acci\u00f3n efectiva de las parroquias, las asociaciones, los movimientos eclesiales y las personas de buena voluntad.<\/p>\n<p align=\"justify\">Queridos hermanos y hermanas, adem\u00e1s de una gran sensibilidad, nuestra acci\u00f3n debe ir necesariamente acompa\u00f1ada de una solidaridad fraterna aut\u00e9ntica. En todo momento debemos ofrecer una atenci\u00f3n integral a la persona &#8220;fr\u00e1gil&#8221; como lo es un enfermo de autismo, la cual se concretiza en una actitud de cercan\u00eda que todo agente de salud, cada uno dentro de su rol, debe ser capaz de transmitir a su paciente y su familia, sin hacerlo sentir como un n\u00famero, y acompa\u00f1\u00e1ndolo en su situaci\u00f3n mediante acciones concretas como gestos, actitudes, palabras &#8211; tal vez no sensacionales \u2013 que inviten a la cotidianidad y a la normalidad. Esto significa atender la imperiosa necesidad de no perder de vista la persona en su totalidad: ning\u00fan procedimiento, por perfecto que sea, podr\u00e1 ser &#8220;eficaz&#8221; si le falta la \u201csal\u201d del Amor, ese Amor que cada uno de estos enfermos reclama y que lo podemos descubrir en sus ojos. La sonrisa de estos ni\u00f1os y la serenidad de su familia cuando los percibe como centro de la compleja estructura que cada uno de nosotros, mediante una tarea espec\u00edfica, est\u00e1 llamado a ofrecer a sus vidas, el compartir con ellos de una manera eficaz: ser\u00e1 la mejor y la m\u00e1s grande satisfacci\u00f3n que podremos obtener.<\/p>\n<p align=\"justify\">En la pr\u00e1ctica, se trata de acoger a los ni\u00f1os autistas en los diversos campos de la actividad social, educativa, catequ\u00e9tica, lit\u00fargica, de manera correspondiente con su capacidad de relaci\u00f3n. Esta solidaridad, para aquellos que han recibido el don de la fe, se convierte en cercan\u00eda amorosa y compasiva hacia los que sufren, siguiendo el ejemplo de Jesucristo, el Buen Samaritano, que con su pasi\u00f3n, muerte y resurrecci\u00f3n ha redimido a la humanidad.<\/p>\n<p align=\"justify\">El Pontificio Consejo para la Pastoral de la Salud, en este A\u00f1o de la Fe, quiere compartir con las personas que sufren de autismo, la esperanza y la certeza de que la adhesi\u00f3n al Amor nos permite reconocer a Cristo resucitado cada vez que se hace nuestro pr\u00f3jimo en el camino de la vida.<\/p>\n<p align=\"justify\">Compartimos las palabras pronunciadas por Juan Pablo II, en cuya intercesi\u00f3n confiamos y al que recordamos precisamente hoy, con motivo del octavo aniversario de su regreso a la casa del Padre: &#8220;La calidad de vida de una comunidad se mide en gran parte por el compromiso en el cuidado de los m\u00e1s d\u00e9biles y m\u00e1s necesitados y en el respeto a su dignidad de hombres y mujeres. El mundo de los derechos no puede ser solo prerrogativa de los sanos. Incluso la persona con una discapacidad deber\u00e1 ser ayudada a participar, en la medida de lo posible, en la vida de la sociedad, como tambi\u00e9n ayudada a poner en pr\u00e1ctica todo su potencial f\u00edsico, ps\u00edquico y espiritual. S\u00f3lo mediante el reconocimiento de los derechos de los m\u00e1s vulnerables, una sociedad puede decir que se fundamentada en el derecho y en la justicia&#8221;.<\/p>\n<p align=\"justify\">Sirva de gran iluminaci\u00f3n cuanto dijo, expresando su cercan\u00eda a los pobres y a los que sufren, el Santo Padre Francisco en los primeros d\u00edas de su pontificado: &#8220;Debemos mantener viva en el mundo la sed de lo absoluto, no permitiendo que prevalezca una visi\u00f3n de la persona humana en una sola dimensi\u00f3n, seg\u00fan la cual el hombre se reduce a lo que produce y a lo que consume: esta ser\u00eda una de las trampas m\u00e1s peligrosas para nuestro tiempo\u201d.<\/p>\n<p align=\"justify\">Mientras espero la colaboraci\u00f3n de todos para dar una respuesta coral y compasiva a las numerosas peticiones que recibimos de nuestros hermanos y hermanas con autismo y sus familias, encomiendo los sufrimientos, las alegr\u00edas y las esperanzas de estos \u00faltimos a la Madre de Cristo y \u201cSalud de los enfermos\u201d, la que al pie de la cruz, nos ense\u00f1\u00f3 a colocarnos junto a todas las cruces del hombre de hoy\u201d<\/p>\n<p align=\"justify\">A las personas con autismo, a sus familias y todos aquellos que est\u00e1n comprometidos con su servicio, confirmando mi cercan\u00eda y mis oraciones, les env\u00edo mi personal y afectuoso saludo junto con mis mejores deseos personales por una feliz y alegre Pascua con el Se\u00f1or Resucitado.\u201d<\/p>\n<p align=\"justify\">Ciudad del Vaticano, 2 de abril (VIS).-<\/p>\n","protected":false},"excerpt":{"rendered":"<p>Jornada Mundial del Autismo: Cristianos solidarios con los autistas y sus familias Con motivo de la celebraci\u00f3n, este 2 de abril, de la 6\u00aa Jornada Mundial del Autismo, el Arzobispo Zygmunt Zimowski, Presidente del Consejo pontificio para la Pastoral de la Salud hizo p\u00fablico el siguiente Mensaje: \u201cQueridos hermanos y hermanas, con motivo de la &hellip; <a href=\"https:\/\/www.biblia.work\/sermones\/jornada-mundial-del-autismo-cristianos-solidarios-con-los-autistas-y-sus-familias\/\" class=\"more-link\">Continuar leyendo<span class=\"screen-reader-text\"> \u00abJornada Mundial del Autismo: Cristianos solidarios con los autistas y sus familias\u00bb<\/span><\/a><\/p>\n","protected":false},"author":1,"featured_media":0,"comment_status":"open","ping_status":"closed","sticky":false,"template":"","format":"standard","meta":{"footnotes":""},"categories":[1],"tags":[],"class_list":["post-38332","post","type-post","status-publish","format-standard","hentry","category-general"],"_links":{"self":[{"href":"https:\/\/www.biblia.work\/sermones\/wp-json\/wp\/v2\/posts\/38332","targetHints":{"allow":["GET"]}}],"collection":[{"href":"https:\/\/www.biblia.work\/sermones\/wp-json\/wp\/v2\/posts"}],"about":[{"href":"https:\/\/www.biblia.work\/sermones\/wp-json\/wp\/v2\/types\/post"}],"author":[{"embeddable":true,"href":"https:\/\/www.biblia.work\/sermones\/wp-json\/wp\/v2\/users\/1"}],"replies":[{"embeddable":true,"href":"https:\/\/www.biblia.work\/sermones\/wp-json\/wp\/v2\/comments?post=38332"}],"version-history":[{"count":0,"href":"https:\/\/www.biblia.work\/sermones\/wp-json\/wp\/v2\/posts\/38332\/revisions"}],"wp:attachment":[{"href":"https:\/\/www.biblia.work\/sermones\/wp-json\/wp\/v2\/media?parent=38332"}],"wp:term":[{"taxonomy":"category","embeddable":true,"href":"https:\/\/www.biblia.work\/sermones\/wp-json\/wp\/v2\/categories?post=38332"},{"taxonomy":"post_tag","embeddable":true,"href":"https:\/\/www.biblia.work\/sermones\/wp-json\/wp\/v2\/tags?post=38332"}],"curies":[{"name":"wp","href":"https:\/\/api.w.org\/{rel}","templated":true}]}}