{"id":38333,"date":"2016-06-21T17:44:29","date_gmt":"2016-06-21T22:44:29","guid":{"rendered":"http:\/\/www.biblia.work\/sermones\/el-papa-francisco-comienza-postrado-los-oficios-del-viernes-santo\/"},"modified":"2016-06-21T17:44:29","modified_gmt":"2016-06-21T22:44:29","slug":"el-papa-francisco-comienza-postrado-los-oficios-del-viernes-santo","status":"publish","type":"post","link":"https:\/\/www.biblia.work\/sermones\/el-papa-francisco-comienza-postrado-los-oficios-del-viernes-santo\/","title":{"rendered":"El Papa Francisco comienza postrado los Oficios del Viernes Santo"},"content":{"rendered":"<p align=\"justify\">El Papa Francisco comienza postrado los Oficios del Viernes Santo<\/p>\n<p align=\"justify\">De rodillas o postrado es la postura con que las r\u00fabricas marcan al sacerdote el comienzo de las celebraci\u00f3n de los Oficios del Viernes Santo. El Papa Francisco lo hizo postrado. Fue en la bas\u00edlica vaticana a \u00a0partir de las cinco de la tarde del viernes 29 de marzo de 2013<\/p>\n<p align=\"justify\">Miles de personas, entre ellas el Cuerpo Diplom\u00e1tico acreditado ante la Santa Sede, asisten en el templo vaticano al rito del\u00a0<strong>Viernes Santo, \u00fanico d\u00eda del a\u00f1o que no se oficia misa.\u00a0<\/strong>Tras la lectura de la Pasi\u00f3n de Cristo, el predicador de la Casa Pontificia, el franciscano capuchino Raniero Cantalamessa, pronunci\u00f3 la homil\u00eda. La Liturgia del Viernes Santo es la \u00fanica del a\u00f1o en la que no hay consagraci\u00f3n, pero s\u00ed comuni\u00f3n.<\/p>\n<p align=\"justify\">Una cruz cubierta con una tela roja, colocada en el altar mayor de la Bas\u00edlica de San Pedro, presidi\u00f3 la solemne ceremonia. La Pasi\u00f3n de Cristo fue cantada por tres di\u00e1conos, con la ayuda del Coro de la Capilla Sixtina.<\/p>\n<p align=\"justify\">El sill\u00f3n del papa estaba\u00a0<strong>colocado frente a la imagen de San Pedro<\/strong>, a pocos metros del Altar Mayor. El papa fue ayudado por los cardenales Kurt Koch y Giovanni Lajolo y\u00a0<strong>el templo estaba apenas iluminado<\/strong>, para simbolizar el clima de penitencia de la celebraci\u00f3n<\/p>\n","protected":false},"excerpt":{"rendered":"<p>El Papa Francisco comienza postrado los Oficios del Viernes Santo De rodillas o postrado es la postura con que las r\u00fabricas marcan al sacerdote el comienzo de las celebraci\u00f3n de los Oficios del Viernes Santo. El Papa Francisco lo hizo postrado. Fue en la bas\u00edlica vaticana a \u00a0partir de las cinco de la tarde del &hellip; <a href=\"https:\/\/www.biblia.work\/sermones\/el-papa-francisco-comienza-postrado-los-oficios-del-viernes-santo\/\" class=\"more-link\">Continuar leyendo<span class=\"screen-reader-text\"> \u00abEl Papa Francisco comienza postrado los Oficios del Viernes Santo\u00bb<\/span><\/a><\/p>\n","protected":false},"author":1,"featured_media":0,"comment_status":"open","ping_status":"closed","sticky":false,"template":"","format":"standard","meta":{"footnotes":""},"categories":[1],"tags":[],"class_list":["post-38333","post","type-post","status-publish","format-standard","hentry","category-general"],"_links":{"self":[{"href":"https:\/\/www.biblia.work\/sermones\/wp-json\/wp\/v2\/posts\/38333","targetHints":{"allow":["GET"]}}],"collection":[{"href":"https:\/\/www.biblia.work\/sermones\/wp-json\/wp\/v2\/posts"}],"about":[{"href":"https:\/\/www.biblia.work\/sermones\/wp-json\/wp\/v2\/types\/post"}],"author":[{"embeddable":true,"href":"https:\/\/www.biblia.work\/sermones\/wp-json\/wp\/v2\/users\/1"}],"replies":[{"embeddable":true,"href":"https:\/\/www.biblia.work\/sermones\/wp-json\/wp\/v2\/comments?post=38333"}],"version-history":[{"count":0,"href":"https:\/\/www.biblia.work\/sermones\/wp-json\/wp\/v2\/posts\/38333\/revisions"}],"wp:attachment":[{"href":"https:\/\/www.biblia.work\/sermones\/wp-json\/wp\/v2\/media?parent=38333"}],"wp:term":[{"taxonomy":"category","embeddable":true,"href":"https:\/\/www.biblia.work\/sermones\/wp-json\/wp\/v2\/categories?post=38333"},{"taxonomy":"post_tag","embeddable":true,"href":"https:\/\/www.biblia.work\/sermones\/wp-json\/wp\/v2\/tags?post=38333"}],"curies":[{"name":"wp","href":"https:\/\/api.w.org\/{rel}","templated":true}]}}