{"id":38338,"date":"2016-06-21T17:44:53","date_gmt":"2016-06-21T22:44:53","guid":{"rendered":"http:\/\/www.biblia.work\/sermones\/palabras-del-papa-francisco-en-la-primera-audiencia-general-de-su-pontificado\/"},"modified":"2016-06-21T17:44:53","modified_gmt":"2016-06-21T22:44:53","slug":"palabras-del-papa-francisco-en-la-primera-audiencia-general-de-su-pontificado","status":"publish","type":"post","link":"https:\/\/www.biblia.work\/sermones\/palabras-del-papa-francisco-en-la-primera-audiencia-general-de-su-pontificado\/","title":{"rendered":"Palabras del Papa Francisco en la primera audiencia general de su pontificado"},"content":{"rendered":"<p align=\"justify\">(RV).- En la <strong>primera Audiencia Genera<\/strong>l de su Pontificado, <strong>Francisco<\/strong> reflexion\u00f3 sobre qu\u00e9 significa vivir la Semana Santa para nosotros, qu\u00e9 significa seguir a Jes\u00fas en su camino del Calvario hacia la Cruz y la Resurrecci\u00f3n. Como en el Domingo de Ramos, el Obispo de Roma, puso de relieve la necesidad de salir de nosotros mismo, para ir a las periferias de la existencia, hacia nuestros hermanos y hermanas, hacia los m\u00e1s necesitados de consuelo y ayuda.<\/p>\n<p align=\"justify\"><b>Resumen en espa\u00f1ol de la catequesis del Santo Padre Francisco:<\/b><\/p>\n<p align=\"justify\">Queridos hermanos y hermanas:<\/p>\n<p align=\"justify\">Con el domingo de Ramos, hemos iniciado la Semana Santa, centro de todo el A\u00f1o lit\u00fargico, en el que acompa\u00f1amos a Jesucristo en su Pasi\u00f3n, Muerte y Resurrecci\u00f3n. \u00bfQu\u00e9 significa para nosotros vivir este tiempo? \u00bfQu\u00e9 significa seguir a Jes\u00fas en su camino hacia el Calvario, hacia la Cruz y la Resurrecci\u00f3n?<\/p>\n<p align=\"justify\">Significa salir de nosotros mismos para ir al encuentro de los dem\u00e1s, a la periferia de la existencia, a los m\u00e1s alejados, a los olvidados, a quienes necesitan comprensi\u00f3n, consuelo y ayuda. Vivir este tiempo significa tambi\u00e9n entrar cada vez m\u00e1s en la l\u00f3gica de Dios, de la Cruz y del Evangelio. Es seguir y acompa\u00f1ar a Cristo, lo cual exige \u201csalir\u201d: \u00c9l ha salido de s\u00ed mismo para venir a nuestro encuentro, ha colocado su tienda entre nosotros para traer la misericordia que salva y da esperanza. Es un tiempo de gracia que el Se\u00f1or nos ofrece para abrir las puertas del coraz\u00f3n, de la vida, de las parroquias y movimientos, saliendo al encuentro de los dem\u00e1s y brindando la luz y el gozo de nuestra fe. Salir siempre con el amor y la ternura de Dios, en el respeto y la paciencia, sabiendo que nosotros ponemos las manos, los pies, el coraz\u00f3n, pero es Dios quien gu\u00eda y hace fecundas nuestras acciones.<\/p>\n<p align=\"justify\"><b>Saludos del Papa:<\/b><\/p>\n<p align=\"justify\">Saludo cordialmente a los peregrinos de lengua espa\u00f1ola, en particular a los grupos provenientes de Espa\u00f1a, Argentina, M\u00e9xico y los dem\u00e1s pa\u00edses latinoamericanos. Invito a todos a vivir estos d\u00edas siguiendo al Se\u00f1or con fortaleza y siendo capaces de irradiar su amor a cuantos encontremos en el camino de la vida. Que Dios los bendiga y les conceda vivir el Triduo Pascual con fe y devoci\u00f3n<\/p>\n","protected":false},"excerpt":{"rendered":"<p>(RV).- En la primera Audiencia General de su Pontificado, Francisco reflexion\u00f3 sobre qu\u00e9 significa vivir la Semana Santa para nosotros, qu\u00e9 significa seguir a Jes\u00fas en su camino del Calvario hacia la Cruz y la Resurrecci\u00f3n. Como en el Domingo de Ramos, el Obispo de Roma, puso de relieve la necesidad de salir de nosotros &hellip; <a href=\"https:\/\/www.biblia.work\/sermones\/palabras-del-papa-francisco-en-la-primera-audiencia-general-de-su-pontificado\/\" class=\"more-link\">Continuar leyendo<span class=\"screen-reader-text\"> \u00abPalabras del Papa Francisco en la primera audiencia general de su pontificado\u00bb<\/span><\/a><\/p>\n","protected":false},"author":1,"featured_media":0,"comment_status":"open","ping_status":"closed","sticky":false,"template":"","format":"standard","meta":{"footnotes":""},"categories":[1],"tags":[],"class_list":["post-38338","post","type-post","status-publish","format-standard","hentry","category-general"],"_links":{"self":[{"href":"https:\/\/www.biblia.work\/sermones\/wp-json\/wp\/v2\/posts\/38338","targetHints":{"allow":["GET"]}}],"collection":[{"href":"https:\/\/www.biblia.work\/sermones\/wp-json\/wp\/v2\/posts"}],"about":[{"href":"https:\/\/www.biblia.work\/sermones\/wp-json\/wp\/v2\/types\/post"}],"author":[{"embeddable":true,"href":"https:\/\/www.biblia.work\/sermones\/wp-json\/wp\/v2\/users\/1"}],"replies":[{"embeddable":true,"href":"https:\/\/www.biblia.work\/sermones\/wp-json\/wp\/v2\/comments?post=38338"}],"version-history":[{"count":0,"href":"https:\/\/www.biblia.work\/sermones\/wp-json\/wp\/v2\/posts\/38338\/revisions"}],"wp:attachment":[{"href":"https:\/\/www.biblia.work\/sermones\/wp-json\/wp\/v2\/media?parent=38338"}],"wp:term":[{"taxonomy":"category","embeddable":true,"href":"https:\/\/www.biblia.work\/sermones\/wp-json\/wp\/v2\/categories?post=38338"},{"taxonomy":"post_tag","embeddable":true,"href":"https:\/\/www.biblia.work\/sermones\/wp-json\/wp\/v2\/tags?post=38338"}],"curies":[{"name":"wp","href":"https:\/\/api.w.org\/{rel}","templated":true}]}}