{"id":38340,"date":"2016-06-21T17:45:06","date_gmt":"2016-06-21T22:45:06","guid":{"rendered":"http:\/\/www.biblia.work\/sermones\/el-papa-francisco-de-momento-se-quedara-en-la-casa-santa-marta\/"},"modified":"2016-06-21T17:45:06","modified_gmt":"2016-06-21T22:45:06","slug":"el-papa-francisco-de-momento-se-quedara-en-la-casa-santa-marta","status":"publish","type":"post","link":"https:\/\/www.biblia.work\/sermones\/el-papa-francisco-de-momento-se-quedara-en-la-casa-santa-marta\/","title":{"rendered":"El papa Francisco de momento se quedar\u00e1 en la Casa Santa Marta"},"content":{"rendered":"<p align=\"justify\">El <strong>Papa Francisco<\/strong> Permanece en la Casa Santa Marta y no se mudar\u00e1 por ahora al Apartamento Pontifico anunci\u00f3 la tarde de este 26 de marzo el director de la oficina de la Sala de Prensa de la Santa Sede, el padre Federico Lombardi. Ha sido el mismo Pont\u00edfice quien lo inform\u00f3 esta ma\u00f1ana a los hu\u00e9spedes de la Domus.<\/p>\n<p align=\"justify\">El director de la Oficina de Prensa informa que el Papa al concluir la Misa de esta ma\u00f1ana, con palabras muy sencillas dio a entender que su intenci\u00f3n \u2013por lo menos en esta fase- es la de permanecer en la\u00a0Domus Sanctae Marthae.<\/p>\n<p align=\"justify\">El Papa Francisco se transfiri\u00f3 de la habitaci\u00f3n en la que se alojaba durante el C\u00f3nclave a otra m\u00e1s amplia destinada a los hu\u00e9spedes especiales. Seg\u00fan se supo, en este lugar el Santo Padre tiene la posibilidad de recibir m\u00e1s f\u00e1cilmente dado que cuenta con mayor espacio. Sin embargo, tiene bien a precisar el portavoz vaticano, para las audiencias, para las actividades normales matutinas como encuentros con grupos, audiencias con visitas importantes y dem\u00e1s, Francisco usa desde hace diversos d\u00edas el apartamento de las audiencias pontificias en el segundo piso del Palacio Apost\u00f3lico, donde se encuentran la Sala Clementina, la Biblioteca privada y otros ambientes aptos para esta actividad oficial del Santo Padre, mientras que, como tuvo a precisar, como lugar de habitaci\u00f3n el Papa reside en Santa Marta.<\/p>\n","protected":false},"excerpt":{"rendered":"<p>El Papa Francisco Permanece en la Casa Santa Marta y no se mudar\u00e1 por ahora al Apartamento Pontifico anunci\u00f3 la tarde de este 26 de marzo el director de la oficina de la Sala de Prensa de la Santa Sede, el padre Federico Lombardi. Ha sido el mismo Pont\u00edfice quien lo inform\u00f3 esta ma\u00f1ana a &hellip; <a href=\"https:\/\/www.biblia.work\/sermones\/el-papa-francisco-de-momento-se-quedara-en-la-casa-santa-marta\/\" class=\"more-link\">Continuar leyendo<span class=\"screen-reader-text\"> \u00abEl papa Francisco de momento se quedar\u00e1 en la Casa Santa Marta\u00bb<\/span><\/a><\/p>\n","protected":false},"author":1,"featured_media":0,"comment_status":"open","ping_status":"closed","sticky":false,"template":"","format":"standard","meta":{"footnotes":""},"categories":[1],"tags":[],"class_list":["post-38340","post","type-post","status-publish","format-standard","hentry","category-general"],"_links":{"self":[{"href":"https:\/\/www.biblia.work\/sermones\/wp-json\/wp\/v2\/posts\/38340","targetHints":{"allow":["GET"]}}],"collection":[{"href":"https:\/\/www.biblia.work\/sermones\/wp-json\/wp\/v2\/posts"}],"about":[{"href":"https:\/\/www.biblia.work\/sermones\/wp-json\/wp\/v2\/types\/post"}],"author":[{"embeddable":true,"href":"https:\/\/www.biblia.work\/sermones\/wp-json\/wp\/v2\/users\/1"}],"replies":[{"embeddable":true,"href":"https:\/\/www.biblia.work\/sermones\/wp-json\/wp\/v2\/comments?post=38340"}],"version-history":[{"count":0,"href":"https:\/\/www.biblia.work\/sermones\/wp-json\/wp\/v2\/posts\/38340\/revisions"}],"wp:attachment":[{"href":"https:\/\/www.biblia.work\/sermones\/wp-json\/wp\/v2\/media?parent=38340"}],"wp:term":[{"taxonomy":"category","embeddable":true,"href":"https:\/\/www.biblia.work\/sermones\/wp-json\/wp\/v2\/categories?post=38340"},{"taxonomy":"post_tag","embeddable":true,"href":"https:\/\/www.biblia.work\/sermones\/wp-json\/wp\/v2\/tags?post=38340"}],"curies":[{"name":"wp","href":"https:\/\/api.w.org\/{rel}","templated":true}]}}