{"id":38341,"date":"2016-06-21T17:45:10","date_gmt":"2016-06-21T22:45:10","guid":{"rendered":"http:\/\/www.biblia.work\/sermones\/abierto-desde-hoy-25-de-marzo-el-jardin-cuadrado-en-los-museos-vaticanos\/"},"modified":"2016-06-21T17:45:10","modified_gmt":"2016-06-21T22:45:10","slug":"abierto-desde-hoy-25-de-marzo-el-jardin-cuadrado-en-los-museos-vaticanos","status":"publish","type":"post","link":"https:\/\/www.biblia.work\/sermones\/abierto-desde-hoy-25-de-marzo-el-jardin-cuadrado-en-los-museos-vaticanos\/","title":{"rendered":"Abierto desde hoy, 25 de marzo, el Jardin Cuadrado en los Museos Vaticanos"},"content":{"rendered":"<p align=\"justify\"><em>Abierto desde hoy el Jardin Cuadrado en los Museos Vaticanos<\/em><\/p>\n<p align=\"justify\">El <b>Jard\u00edn Cuadrado<\/b>, creado en pleno \u201cCinquecento\u201d por <b>voluntad de Pablo III<\/b> &#8211; el \u201cPapa Farnese\u201d, que en 1534 <b>encarg\u00f3 a Miguel Angel el \u201cJuicio Universal- a partir de hoy estar\u00e1 abierto al p\u00fablico que visita los Museos Vaticanos<\/b>.<\/p>\n<p align=\"justify\">Realizado por el arquitecto Jacopo Meleghino, natural de Ferrara (Italia) es un cl\u00e1sico jard\u00edn italiano que ocupa una superficie de 7.735 metros cuadrados -casi una hect\u00e1rea- destinado en su \u00e9poca a los hu\u00e9spedes ilustres de la corte pontificia y dividido en cuatro arriates, bordeados por setos. Ahora se ha dotado de bancos para que los visitantes de los Museos Vaticanos puedan tomar una pausa de descanso. Desde el Jard\u00edn se divisa la C\u00fapula de San Pedro, el bosquecillo que cubre la colina vaticana y la pared de la Pinacoteca que custodia las obras de Rafael, Leonardo y Caravaggio.<\/p>\n<p align=\"justify\">El horario de visita al Jard\u00edn Cuadrado ser\u00e1 el mismo que el de los Museos Vaticanos.<\/p>\n<p align=\"justify\">Ciudad del Vaticano, 25 marzo 2013 (VIS).-<\/p>\n","protected":false},"excerpt":{"rendered":"<p>Abierto desde hoy el Jardin Cuadrado en los Museos Vaticanos El Jard\u00edn Cuadrado, creado en pleno \u201cCinquecento\u201d por voluntad de Pablo III &#8211; el \u201cPapa Farnese\u201d, que en 1534 encarg\u00f3 a Miguel Angel el \u201cJuicio Universal- a partir de hoy estar\u00e1 abierto al p\u00fablico que visita los Museos Vaticanos. Realizado por el arquitecto Jacopo Meleghino, &hellip; <a href=\"https:\/\/www.biblia.work\/sermones\/abierto-desde-hoy-25-de-marzo-el-jardin-cuadrado-en-los-museos-vaticanos\/\" class=\"more-link\">Continuar leyendo<span class=\"screen-reader-text\"> \u00abAbierto desde hoy, 25 de marzo, el Jardin Cuadrado en los Museos Vaticanos\u00bb<\/span><\/a><\/p>\n","protected":false},"author":1,"featured_media":0,"comment_status":"open","ping_status":"closed","sticky":false,"template":"","format":"standard","meta":{"footnotes":""},"categories":[1],"tags":[],"class_list":["post-38341","post","type-post","status-publish","format-standard","hentry","category-general"],"_links":{"self":[{"href":"https:\/\/www.biblia.work\/sermones\/wp-json\/wp\/v2\/posts\/38341","targetHints":{"allow":["GET"]}}],"collection":[{"href":"https:\/\/www.biblia.work\/sermones\/wp-json\/wp\/v2\/posts"}],"about":[{"href":"https:\/\/www.biblia.work\/sermones\/wp-json\/wp\/v2\/types\/post"}],"author":[{"embeddable":true,"href":"https:\/\/www.biblia.work\/sermones\/wp-json\/wp\/v2\/users\/1"}],"replies":[{"embeddable":true,"href":"https:\/\/www.biblia.work\/sermones\/wp-json\/wp\/v2\/comments?post=38341"}],"version-history":[{"count":0,"href":"https:\/\/www.biblia.work\/sermones\/wp-json\/wp\/v2\/posts\/38341\/revisions"}],"wp:attachment":[{"href":"https:\/\/www.biblia.work\/sermones\/wp-json\/wp\/v2\/media?parent=38341"}],"wp:term":[{"taxonomy":"category","embeddable":true,"href":"https:\/\/www.biblia.work\/sermones\/wp-json\/wp\/v2\/categories?post=38341"},{"taxonomy":"post_tag","embeddable":true,"href":"https:\/\/www.biblia.work\/sermones\/wp-json\/wp\/v2\/tags?post=38341"}],"curies":[{"name":"wp","href":"https:\/\/api.w.org\/{rel}","templated":true}]}}