{"id":38342,"date":"2016-06-21T17:45:14","date_gmt":"2016-06-21T22:45:14","guid":{"rendered":"http:\/\/www.biblia.work\/sermones\/las-imagenes-del-encuentro-entre-el-papa-francisco-y-benedicto-xvi\/"},"modified":"2016-06-21T17:45:14","modified_gmt":"2016-06-21T22:45:14","slug":"las-imagenes-del-encuentro-entre-el-papa-francisco-y-benedicto-xvi","status":"publish","type":"post","link":"https:\/\/www.biblia.work\/sermones\/las-imagenes-del-encuentro-entre-el-papa-francisco-y-benedicto-xvi\/","title":{"rendered":"Las im\u00e1genes del encuentro entre el Papa Francisco y Benedicto XVI"},"content":{"rendered":"<p style=\"text-align: justify;\"><strong>Las im\u00e1genes del encuentro entre el Papa Francisco y Benedicto XVI<\/strong><\/p>\n<p style=\"text-align: justify;\">Han sido casi tres horas de un encuentro para la Historia. Que no se olvide que el \u00faltimo que renunci\u00f3 al Papado fue Gregorio XII, a principios del siglo XV<\/p>\n<p style=\"text-align: justify;\">Se informa de que el Papa ya ha regresado al Vaticano tras almorzar con su antecesor, que le despidi\u00f3 en el helipuerto de Castel Gandolfo<\/p>\n<p style=\"text-align: justify;\">Y aqu\u00ed la imagen del rezo, ambos en el mismo reclinatorio porque el em\u00e9rito Benedicto XVI le ha ofrecido al Sumo Pont\u00edfice ese lugar principal, pero Francisco lo ha rechazado. \u00abSomos hermanos, rezamos juntos\u00bb han sido sus palabras<\/p>\n<p style=\"text-align: justify;\">\n<p style=\"text-align: justify;\">Aqu\u00ed tenemos la foto del regalo que el Papa le ha hecho a Benedicto XVI, y que coment\u00e1bamos hace unos minutos: un icono de la Virgen, \u00abs\u00edmbolo de humildad\u00bb<\/p>\n<p style=\"text-align: justify;\">\n<p style=\"text-align: justify;\">En esta ocasi\u00f3n hemos podido ver a Benedicto XVI bastante bien abrigado, ha salido a recibir al Papa con una chaqueta guateada. El portavoz vaticano, el padre Lombardi, ha tranquilizado sobre su salud diciendo que es la normal para una persona de su edad.<\/p>\n<p style=\"text-align: justify;\">\n<p style=\"text-align: justify;\">La entrevista privada en la biblioteca de Casten Galdolfo<\/p>\n<p style=\"text-align: justify;\">\n<p style=\"text-align: justify;\">La imagen ha sido distribuida por la oficina de Prensa del Vaticano acompa\u00f1ada de un brev\u00edsimo texto en el que subraya que se trata de \u00abun hist\u00f3rico encuentro entre dos hombres con estilos muy direfentes pero importantes similitudes en lo crucial\u00bb<\/p>\n<p style=\"text-align: justify;\">Aqu\u00ed est\u00e1 la foto del abrazo!!!. Dos Papas vivos juntos por primera vez<\/p>\n<p style=\"text-align: justify;\">\n","protected":false},"excerpt":{"rendered":"<p>Las im\u00e1genes del encuentro entre el Papa Francisco y Benedicto XVI Han sido casi tres horas de un encuentro para la Historia. Que no se olvide que el \u00faltimo que renunci\u00f3 al Papado fue Gregorio XII, a principios del siglo XV Se informa de que el Papa ya ha regresado al Vaticano tras almorzar con &hellip; <a href=\"https:\/\/www.biblia.work\/sermones\/las-imagenes-del-encuentro-entre-el-papa-francisco-y-benedicto-xvi\/\" class=\"more-link\">Continuar leyendo<span class=\"screen-reader-text\"> \u00abLas im\u00e1genes del encuentro entre el Papa Francisco y Benedicto XVI\u00bb<\/span><\/a><\/p>\n","protected":false},"author":1,"featured_media":0,"comment_status":"open","ping_status":"closed","sticky":false,"template":"","format":"standard","meta":{"footnotes":""},"categories":[1],"tags":[],"class_list":["post-38342","post","type-post","status-publish","format-standard","hentry","category-general"],"_links":{"self":[{"href":"https:\/\/www.biblia.work\/sermones\/wp-json\/wp\/v2\/posts\/38342","targetHints":{"allow":["GET"]}}],"collection":[{"href":"https:\/\/www.biblia.work\/sermones\/wp-json\/wp\/v2\/posts"}],"about":[{"href":"https:\/\/www.biblia.work\/sermones\/wp-json\/wp\/v2\/types\/post"}],"author":[{"embeddable":true,"href":"https:\/\/www.biblia.work\/sermones\/wp-json\/wp\/v2\/users\/1"}],"replies":[{"embeddable":true,"href":"https:\/\/www.biblia.work\/sermones\/wp-json\/wp\/v2\/comments?post=38342"}],"version-history":[{"count":0,"href":"https:\/\/www.biblia.work\/sermones\/wp-json\/wp\/v2\/posts\/38342\/revisions"}],"wp:attachment":[{"href":"https:\/\/www.biblia.work\/sermones\/wp-json\/wp\/v2\/media?parent=38342"}],"wp:term":[{"taxonomy":"category","embeddable":true,"href":"https:\/\/www.biblia.work\/sermones\/wp-json\/wp\/v2\/categories?post=38342"},{"taxonomy":"post_tag","embeddable":true,"href":"https:\/\/www.biblia.work\/sermones\/wp-json\/wp\/v2\/tags?post=38342"}],"curies":[{"name":"wp","href":"https:\/\/api.w.org\/{rel}","templated":true}]}}