{"id":38343,"date":"2016-06-21T17:45:18","date_gmt":"2016-06-21T22:45:18","guid":{"rendered":"http:\/\/www.biblia.work\/sermones\/encuentro-entre-el-papa-francisco-y-benedicto-xvi\/"},"modified":"2016-06-21T17:45:18","modified_gmt":"2016-06-21T22:45:18","slug":"encuentro-entre-el-papa-francisco-y-benedicto-xvi","status":"publish","type":"post","link":"https:\/\/www.biblia.work\/sermones\/encuentro-entre-el-papa-francisco-y-benedicto-xvi\/","title":{"rendered":"Encuentro entre el Papa Francisco y Benedicto XVI"},"content":{"rendered":"<p style=\"text-align: justify;\"><strong>Encuentro entre el Papa Francisco y \u00a0Benedicto XVI<\/strong><\/p>\n<p style=\"text-align: justify;\">Castelgandolfo (Italia) (AICA): \u00a0En un hecho hist\u00f3rico y sin precedentes en la historia moderna, el <strong>papa Francisco<\/strong> se dirigi\u00f3 este mediod\u00eda al Palacio apost\u00f3lico de Castelgandolfo, a 25 kil\u00f3metros al sur de Roma, para visitar y almorzar con su antecesor, <strong>Benedicto XVI<\/strong>, quien se aloja all\u00ed desde que renunci\u00f3. El Papa se traslad\u00f3 en el mismo helic\u00f3ptero que us\u00f3 Benedicto XVI cuando sali\u00f3 del Vaticano el pasado 28 de febrero.<\/p>\n<p style=\"text-align: justify;\">\n<p style=\"text-align: justify;\">En el helipuerto de Castelgandolfo, el Santo Padre fue recibido por Benedicto XVI, el obispo de Albano, monse\u00f1or Marcello Semeraro, y por el director de las Villas Pontificias, Savero Petrillo.<\/p>\n<p style=\"text-align: justify;\">Desde el helipuerto, construido donde terminan los jardines de la residencia, se trasladaron al Palacio Pontificio, donde mantuvieron un encuentro privado en la biblioteca. Despu\u00e9s, almorzaron juntos, inform\u00f3 la sala de prensa.<\/p>\n<p style=\"text-align: justify;\">Esta es la primera vez que se ven desde que el cardenal argentino Jorge Mario Bergoglio, de 76 a\u00f1os, fue elegido Papa el 13 de marzo, aunque ya hablaron por tel\u00e9fono en varias ocasiones en estos d\u00edas.<\/p>\n<p style=\"text-align: justify;\">Francisco le llam\u00f3 por tel\u00e9fono justo despu\u00e9s de ser elegido por los cardenales en el c\u00f3nclave y tambi\u00e9n el pasado d\u00eda 19, festividad de San Jos\u00e9, para saludar a Benedicto XVI con motivo de su santo.<\/p>\n<p style=\"text-align: justify;\">Benedicto XVI, de casi 86 a\u00f1os -los cumplir\u00e1 el pr\u00f3ximo 16 de abril-, se encuentra viviendo en la palacio apost\u00f3lico de Castelgandolfo en espera de que se terminen las obras de reestructuraci\u00f3n del monasterio en el interior de los Jardines vaticanos donde vivir\u00e1 tras su renuncia.<\/p>\n","protected":false},"excerpt":{"rendered":"<p>Encuentro entre el Papa Francisco y \u00a0Benedicto XVI Castelgandolfo (Italia) (AICA): \u00a0En un hecho hist\u00f3rico y sin precedentes en la historia moderna, el papa Francisco se dirigi\u00f3 este mediod\u00eda al Palacio apost\u00f3lico de Castelgandolfo, a 25 kil\u00f3metros al sur de Roma, para visitar y almorzar con su antecesor, Benedicto XVI, quien se aloja all\u00ed desde &hellip; <a href=\"https:\/\/www.biblia.work\/sermones\/encuentro-entre-el-papa-francisco-y-benedicto-xvi\/\" class=\"more-link\">Continuar leyendo<span class=\"screen-reader-text\"> \u00abEncuentro entre el Papa Francisco y Benedicto XVI\u00bb<\/span><\/a><\/p>\n","protected":false},"author":1,"featured_media":0,"comment_status":"open","ping_status":"closed","sticky":false,"template":"","format":"standard","meta":{"footnotes":""},"categories":[1],"tags":[],"class_list":["post-38343","post","type-post","status-publish","format-standard","hentry","category-general"],"_links":{"self":[{"href":"https:\/\/www.biblia.work\/sermones\/wp-json\/wp\/v2\/posts\/38343","targetHints":{"allow":["GET"]}}],"collection":[{"href":"https:\/\/www.biblia.work\/sermones\/wp-json\/wp\/v2\/posts"}],"about":[{"href":"https:\/\/www.biblia.work\/sermones\/wp-json\/wp\/v2\/types\/post"}],"author":[{"embeddable":true,"href":"https:\/\/www.biblia.work\/sermones\/wp-json\/wp\/v2\/users\/1"}],"replies":[{"embeddable":true,"href":"https:\/\/www.biblia.work\/sermones\/wp-json\/wp\/v2\/comments?post=38343"}],"version-history":[{"count":0,"href":"https:\/\/www.biblia.work\/sermones\/wp-json\/wp\/v2\/posts\/38343\/revisions"}],"wp:attachment":[{"href":"https:\/\/www.biblia.work\/sermones\/wp-json\/wp\/v2\/media?parent=38343"}],"wp:term":[{"taxonomy":"category","embeddable":true,"href":"https:\/\/www.biblia.work\/sermones\/wp-json\/wp\/v2\/categories?post=38343"},{"taxonomy":"post_tag","embeddable":true,"href":"https:\/\/www.biblia.work\/sermones\/wp-json\/wp\/v2\/tags?post=38343"}],"curies":[{"name":"wp","href":"https:\/\/api.w.org\/{rel}","templated":true}]}}