{"id":38344,"date":"2016-06-21T17:45:22","date_gmt":"2016-06-21T22:45:22","guid":{"rendered":"http:\/\/www.biblia.work\/sermones\/bendicion-del-papa-francisco-a-los-jardineros-y-barrenderos-del-vaticano\/"},"modified":"2016-06-21T17:45:22","modified_gmt":"2016-06-21T22:45:22","slug":"bendicion-del-papa-francisco-a-los-jardineros-y-barrenderos-del-vaticano","status":"publish","type":"post","link":"https:\/\/www.biblia.work\/sermones\/bendicion-del-papa-francisco-a-los-jardineros-y-barrenderos-del-vaticano\/","title":{"rendered":"Bendici\u00f3n del Papa Francisco a los jardineros y barrenderos del Vaticano"},"content":{"rendered":"<p align=\"justify\">El <b>Papa Francisco<\/b> celebr\u00f3 esta ma\u00f1ana una misa en la capilla de la Casa Santa Marta, en presencia de los barrenderos y jardineros que trabajan en el Vaticano Fue una sorpresa para los m\u00e1s de 30 empleados que all\u00ed trabajan. El Santo Padre ha querido agradecer con esta misa el trabajo callado que realizan en las plazas y jardines de la Ciudad del Vaticano.<\/p>\n<p align=\"justify\">Como tiene por costumbre el Papa Francisco, tuvo un momento de oraci\u00f3n personal sent\u00e1ndose en la \u00faltima fila de la capilla junto a los dem\u00e1s fieles.<\/p>\n<p align=\"justify\">Los jardineros estaban emocionados. Ten\u00edan los ojos brillantes de alegr\u00eda. El Papa les salud\u00f3 personalmente uno a uno. &#8220;Estar delante del Santo Padre, en una misa para nosotros, es algo que no ocurre todos los d\u00edas\u201d. \u201cA todos nos pidi\u00f3 oraciones por \u00e9l\u201d<\/p>\n","protected":false},"excerpt":{"rendered":"<p>El Papa Francisco celebr\u00f3 esta ma\u00f1ana una misa en la capilla de la Casa Santa Marta, en presencia de los barrenderos y jardineros que trabajan en el Vaticano Fue una sorpresa para los m\u00e1s de 30 empleados que all\u00ed trabajan. El Santo Padre ha querido agradecer con esta misa el trabajo callado que realizan en &hellip; <a href=\"https:\/\/www.biblia.work\/sermones\/bendicion-del-papa-francisco-a-los-jardineros-y-barrenderos-del-vaticano\/\" class=\"more-link\">Continuar leyendo<span class=\"screen-reader-text\"> \u00abBendici\u00f3n del Papa Francisco a los jardineros y barrenderos del Vaticano\u00bb<\/span><\/a><\/p>\n","protected":false},"author":1,"featured_media":0,"comment_status":"open","ping_status":"closed","sticky":false,"template":"","format":"standard","meta":{"footnotes":""},"categories":[1],"tags":[],"class_list":["post-38344","post","type-post","status-publish","format-standard","hentry","category-general"],"_links":{"self":[{"href":"https:\/\/www.biblia.work\/sermones\/wp-json\/wp\/v2\/posts\/38344","targetHints":{"allow":["GET"]}}],"collection":[{"href":"https:\/\/www.biblia.work\/sermones\/wp-json\/wp\/v2\/posts"}],"about":[{"href":"https:\/\/www.biblia.work\/sermones\/wp-json\/wp\/v2\/types\/post"}],"author":[{"embeddable":true,"href":"https:\/\/www.biblia.work\/sermones\/wp-json\/wp\/v2\/users\/1"}],"replies":[{"embeddable":true,"href":"https:\/\/www.biblia.work\/sermones\/wp-json\/wp\/v2\/comments?post=38344"}],"version-history":[{"count":0,"href":"https:\/\/www.biblia.work\/sermones\/wp-json\/wp\/v2\/posts\/38344\/revisions"}],"wp:attachment":[{"href":"https:\/\/www.biblia.work\/sermones\/wp-json\/wp\/v2\/media?parent=38344"}],"wp:term":[{"taxonomy":"category","embeddable":true,"href":"https:\/\/www.biblia.work\/sermones\/wp-json\/wp\/v2\/categories?post=38344"},{"taxonomy":"post_tag","embeddable":true,"href":"https:\/\/www.biblia.work\/sermones\/wp-json\/wp\/v2\/tags?post=38344"}],"curies":[{"name":"wp","href":"https:\/\/api.w.org\/{rel}","templated":true}]}}