{"id":38345,"date":"2016-06-21T17:45:35","date_gmt":"2016-06-21T22:45:35","guid":{"rendered":"http:\/\/www.biblia.work\/sermones\/texto-completo-discurso-del-santo-padre-francisco-al-cuerpo-diplomatico-acreditado-ante-la-santa-sede\/"},"modified":"2016-06-21T17:45:35","modified_gmt":"2016-06-21T22:45:35","slug":"texto-completo-discurso-del-santo-padre-francisco-al-cuerpo-diplomatico-acreditado-ante-la-santa-sede","status":"publish","type":"post","link":"https:\/\/www.biblia.work\/sermones\/texto-completo-discurso-del-santo-padre-francisco-al-cuerpo-diplomatico-acreditado-ante-la-santa-sede\/","title":{"rendered":"Texto completo discurso del Santo Padre Francisco al Cuerpo Diplom\u00e1tico acreditado ante la Santa Sede"},"content":{"rendered":"<p align=\"justify\">Texto completo discurso del Santo Padre Francisco al Cuerpo Diplom\u00e1tico acreditado ante la Santa Sede<\/p>\n<p align=\"justify\"><em>Luchar contra toda pobreza, construir la paz y tender puentes: <\/em>Discurso del Papa Francisco al Cuerpo Diplom\u00e1tico acreditado ante la Santa Sede (22-3-2013)<\/p>\n<p align=\"justify\">Excelencias, se\u00f1oras y se\u00f1ores: Agradezco sinceramente a su decano, el embajador Jean-Claude Michel, las amables palabras que me ha dirigido en nombre de todos, y los recibo con alegr\u00eda en este intercambio de saludos, sencillo pero al mismo tiempo intenso, que pretende ser el abrazo ideal del Papa al mundo. En efecto, a trav\u00e9s de ustedes me re\u00fano con sus pueblos, y as\u00ed puedo, en cierto modo, alcanzar a cada uno de sus conciudadanos, con todas sus alegr\u00edas, sus dramas, sus esperanzas y sus deseos.<\/p>\n<p align=\"justify\">La numerosa presencia de ustedes es tambi\u00e9n un signo de que las relaciones que sus pa\u00edses mantienen con la Santa Sede son beneficiosas y constituyen realmente una ocasi\u00f3n de bien para la humanidad. En efecto, esto es lo que preocupa a la Santa Sede: \u00a1el bien de todo hombre en esta tierra! Y precisamente con esta intenci\u00f3n comienza el Obispo de Roma su ministerio, sabiendo que puede contar con la amistad y con el afecto de los pa\u00edses a los que representan, y con la certeza de que ustedes comparten este prop\u00f3sito. Al mismo tiempo, espero que sea tambi\u00e9n una ocasi\u00f3n para emprender un camino con los pocos pa\u00edses que a\u00fan no mantienen relaciones diplom\u00e1ticas con la Santa Sede, algunos de los cuales \u2013y se lo agradezco de coraz\u00f3n\u2013 quisieron estar presentes en la misa por el inicio de mi ministerio, o enviaron mensajes como gesto de cercan\u00eda.<\/p>\n<p align=\"justify\">Como saben, son varios los motivos por los que eleg\u00ed mi nombre pensando en Francisco de As\u00eds, una personalidad que es bien conocida m\u00e1s all\u00e1 de los confines de Italia y de Europa, y tambi\u00e9n entre quienes no profesan la fe cat\u00f3lica. Uno de los primeros es el amor que Francisco ten\u00eda por los pobres. \u00a1Cu\u00e1ntos pobres hay todav\u00eda en el mundo! \u00a1Y cu\u00e1nto sufrimiento afrontan estas personas! Siguiendo el ejemplo de Francisco de As\u00eds, la Iglesia ha tratado siempre de cuidar, de tutelar en todos los rincones de la tierra a los que sufren por la indigencia, y creo que en muchos de sus pa\u00edses pueden ustedes comprobar la generosa labor de los cristianos que se esfuerzan por ayudar a los enfermos, a los hu\u00e9rfanos, a los sin techo y a todos los marginados, y que, de este modo, trabajan para construir sociedades m\u00e1s humanas y m\u00e1s justas.<\/p>\n<p align=\"justify\">\u00a1Pero hay tambi\u00e9n otra pobreza! Es la pobreza espiritual de nuestros d\u00edas, que afecta gravemente tambi\u00e9n a los pa\u00edses considerados m\u00e1s ricos. Es lo que mi antecesor, el querido y venerado Papa Benedicto XVI, llama la \u00abdictadura del relativismo\u00bb, que deja que cada uno sea la medida de s\u00ed mismo y pone en peligro la convivencia entre los hombres. Llego as\u00ed a una segunda raz\u00f3n de mi nombre. Francisco de As\u00eds nos dice: \u00a1Esforzaos por construir la paz! \u00a1Pero no hay verdadera paz sin verdad! No puede haber paz verdadera si cada uno es la medida de s\u00ed mismo, si cada uno puede reivindicar siempre y solo su propio derecho, sin preocuparse al mismo tiempo del bien de los dem\u00e1s \u2013de todos\u2013, partiendo de la naturaleza, que a\u00fana a todo ser humano en esta tierra.<\/p>\n<p align=\"justify\">Uno de los t\u00edtulos del Obispo de Roma es el de Pont\u00edfice, es decir, \u00abel que tiende puentes\u00bb hacia Dios y entre los hombres. \u00a1Quisiera precisamente que el di\u00e1logo entre nosotros ayudara a tender puentes entre todos los hombres, para que cada uno pueda hallar en el otro no a un enemigo, no a un contendiente, sino a un hermano al que debe acoger y abrazar! Adem\u00e1s, mis propios or\u00edgenes me impulsan a trabajar para tender puentes. En efecto, como ustedes saben, mi familia es de origen italiano; y por eso est\u00e1 siempre vivo en m\u00ed este di\u00e1logo entre lugares y culturas distantes entre s\u00ed, entre un extremo del mundo y el otro \u2013hoy cada vez m\u00e1s cercanos, interdependientes, necesitados de encontrarse y de crear espacios reales de aut\u00e9ntica fraternidad\u2013.<\/p>\n<p align=\"justify\">En esta tarea tambi\u00e9n se revela fundamental el papel de la religi\u00f3n. Y es que no se pueden tender puentes entre los hombres olvid\u00e1ndose de Dios. Pero tambi\u00e9n es cierto lo contrario: no se pueden vivir aut\u00e9nticas relaciones con Dios ignorando a los dem\u00e1s. De ah\u00ed la importancia de intensificar el di\u00e1logo entre las distintas religiones: pienso, ante todo, en el di\u00e1logo con el islam, y he apreciado mucho la presencia, durante la misa de inicio de mi ministerio, de tantas autoridades civiles y religiosas del mundo isl\u00e1mico. Tambi\u00e9n resulta importante intensificar la confrontaci\u00f3n con los no creyentes, para que nunca prevalezcan las diferencias que separan y hieren, sino que, aun en la diversidad, predomine el deseo de estrechar lazos verdaderos de amistad entre todos los pueblos.<\/p>\n<p align=\"justify\">Luchar contra la pobreza, tanto material como espiritual; construir la paz y tender puentes. Son como los puntos de referencia de un camino en el que deseo invitar a participar a cada uno de los pa\u00edses a los que ustedes representan. Se trata de un camino que ser\u00e1, sin embargo, dif\u00edcil si no aprendemos a amar cada vez m\u00e1s a nuestra Tierra. Tambi\u00e9n a este respecto me sirve de ayuda pensar en el nombre de Francisco, que ense\u00f1a un profundo respeto por toda la creaci\u00f3n, la salvaguardia de nuestro medio ambiente, que con demasiada frecuencia no utilizamos para el bien, sino que lo explotamos \u00e1vidamente, perjudic\u00e1ndonos unos a otros.<\/p>\n<p align=\"justify\">Queridos embajadores, se\u00f1oras y se\u00f1ores: Gracias una vez m\u00e1s por toda la labor que desempe\u00f1an, junto con la Secretar\u00eda de Estado, para construir la paz y tender puentes de amistad y de hermandad. A trav\u00e9s de ustedes quisiera reiterar mi agradecimiento a sus gobiernos por su participaci\u00f3n en las celebraciones habidas con motivo de mi elecci\u00f3n, con el auspicio de una fruct\u00edfera labor com\u00fan. Que el Se\u00f1or todopoderoso colme de sus dones a cada uno de ustedes, a sus familias y a los pueblos a los que representan.<\/p>\n<p align=\"justify\">\u00a1Gracias!<\/p>\n<p align=\"justify\">(Original italiano procedente del archivo inform\u00e1tico de la Santa Sede; traducci\u00f3n de ECCLESIA).<\/p>\n","protected":false},"excerpt":{"rendered":"<p>Texto completo discurso del Santo Padre Francisco al Cuerpo Diplom\u00e1tico acreditado ante la Santa Sede Luchar contra toda pobreza, construir la paz y tender puentes: Discurso del Papa Francisco al Cuerpo Diplom\u00e1tico acreditado ante la Santa Sede (22-3-2013) Excelencias, se\u00f1oras y se\u00f1ores: Agradezco sinceramente a su decano, el embajador Jean-Claude Michel, las amables palabras que &hellip; <a href=\"https:\/\/www.biblia.work\/sermones\/texto-completo-discurso-del-santo-padre-francisco-al-cuerpo-diplomatico-acreditado-ante-la-santa-sede\/\" class=\"more-link\">Continuar leyendo<span class=\"screen-reader-text\"> \u00abTexto completo discurso del Santo Padre Francisco al Cuerpo Diplom\u00e1tico acreditado ante la Santa Sede\u00bb<\/span><\/a><\/p>\n","protected":false},"author":1,"featured_media":0,"comment_status":"open","ping_status":"closed","sticky":false,"template":"","format":"standard","meta":{"footnotes":""},"categories":[1],"tags":[],"class_list":["post-38345","post","type-post","status-publish","format-standard","hentry","category-general"],"_links":{"self":[{"href":"https:\/\/www.biblia.work\/sermones\/wp-json\/wp\/v2\/posts\/38345","targetHints":{"allow":["GET"]}}],"collection":[{"href":"https:\/\/www.biblia.work\/sermones\/wp-json\/wp\/v2\/posts"}],"about":[{"href":"https:\/\/www.biblia.work\/sermones\/wp-json\/wp\/v2\/types\/post"}],"author":[{"embeddable":true,"href":"https:\/\/www.biblia.work\/sermones\/wp-json\/wp\/v2\/users\/1"}],"replies":[{"embeddable":true,"href":"https:\/\/www.biblia.work\/sermones\/wp-json\/wp\/v2\/comments?post=38345"}],"version-history":[{"count":0,"href":"https:\/\/www.biblia.work\/sermones\/wp-json\/wp\/v2\/posts\/38345\/revisions"}],"wp:attachment":[{"href":"https:\/\/www.biblia.work\/sermones\/wp-json\/wp\/v2\/media?parent=38345"}],"wp:term":[{"taxonomy":"category","embeddable":true,"href":"https:\/\/www.biblia.work\/sermones\/wp-json\/wp\/v2\/categories?post=38345"},{"taxonomy":"post_tag","embeddable":true,"href":"https:\/\/www.biblia.work\/sermones\/wp-json\/wp\/v2\/tags?post=38345"}],"curies":[{"name":"wp","href":"https:\/\/api.w.org\/{rel}","templated":true}]}}