{"id":38456,"date":"2016-06-21T17:54:16","date_gmt":"2016-06-21T22:54:16","guid":{"rendered":"http:\/\/www.biblia.work\/sermones\/el-papa-recibe-a-la-comision-para-el-dialogo-teologico-entre-la-iglesia-catolica-y-las-iglesias-orientales-ortodoxas\/"},"modified":"2016-06-21T17:54:16","modified_gmt":"2016-06-21T22:54:16","slug":"el-papa-recibe-a-la-comision-para-el-dialogo-teologico-entre-la-iglesia-catolica-y-las-iglesias-orientales-ortodoxas","status":"publish","type":"post","link":"https:\/\/www.biblia.work\/sermones\/el-papa-recibe-a-la-comision-para-el-dialogo-teologico-entre-la-iglesia-catolica-y-las-iglesias-orientales-ortodoxas\/","title":{"rendered":"El Papa recibe a la Comisi\u00f3n para el Dialogo Teol\u00f3gico entre la Iglesia cat\u00f3lica y las Iglesias orientales ortodoxas"},"content":{"rendered":"<p align=\"justify\">El Santo Padre recibi\u00f3 hoy en el Vaticano a los miembros de la Comisi\u00f3n Mixta Internacional para el Dialogo Teol\u00f3gico entre la Iglesia Cat\u00f3lica y las Iglesias Orientales Ortodoxas. La Comisi\u00f3n se instituy\u00f3 hace diez a\u00f1os en 2003 gracias a la iniciativa de las autoridades eclesiales de la familia de las Iglesias orientales ortodoxas y del Pontificio Consejo para la Promoci\u00f3n de la Unidad de los Cristianos.<\/p>\n<p align=\"justify\">La Comisi\u00f3n se ha dedicado esta semana &#8220;al estudio de la comuni\u00f3n y la comunicaci\u00f3n que exist\u00eda entre las Iglesias en los cinco primeros siglos de la historia cristiana&#8221;, dijo Benedicto XVI, que manifest\u00f3 su esperanza de que las relaciones entre la Iglesia Cat\u00f3lica y las Iglesias Ortodoxas Orientales &#8220;siga desarroll\u00e1ndose en un fraternal esp\u00edritu de cooperaci\u00f3n, especialmente a trav\u00e9s del crecimiento de un di\u00e1logo teol\u00f3gico capaz de ayudar a todos los seguidores del Se\u00f1or a crecer en la comuni\u00f3n y dar testimonio ante el mundo de la verdad salv\u00edfica del Evangelio&#8221;.<\/p>\n<p align=\"justify\">&#8220;Muchos de vosotros -concluy\u00f3- proced\u00e9is de \u00e1reas donde los cristianos, tanto como individuos, como las comunidades cristianas, se enfrentan a dolorosas pruebas y dificultades que son motivo de profunda preocupaci\u00f3n para todos nosotros. A trav\u00e9s vuestro, quiero confirmar a todos los fieles de Medio Oriente mi cercan\u00eda espiritual y mi oraci\u00f3n para que esta tierra, tan importante en el plan salv\u00edfico de Dios, se dirija, a trav\u00e9s de un di\u00e1logo constructivo y de la cooperaci\u00f3n, hacia un futuro de justicia y paz duraderas. Todos los cristianos necesitan trabajar juntos en una aceptaci\u00f3n y confianza mutuas al servicio de la causa de la paz y la justicia en la fidelidad al deseo del Se\u00f1or \u00a1Que el ejemplo y la intercesi\u00f3n de los innumerables m\u00e1rtires y santos, que a trav\u00e9s de los siglos han dado un valiente testimonio de Cristo en todas nuestras Iglesias sostengan y fortalezcan a todos nosotros para superar los desaf\u00edos del presente con confianza y esperanza en el futuro que el Se\u00f1or abre ante nosotros!&#8221;.<\/p>\n<p align=\"justify\">&nbsp;<\/p>\n<p align=\"right\">Ciudad del Vaticano, 25 enero 2013 (VIS).-<\/p>\n","protected":false},"excerpt":{"rendered":"<p>El Santo Padre recibi\u00f3 hoy en el Vaticano a los miembros de la Comisi\u00f3n Mixta Internacional para el Dialogo Teol\u00f3gico entre la Iglesia Cat\u00f3lica y las Iglesias Orientales Ortodoxas. La Comisi\u00f3n se instituy\u00f3 hace diez a\u00f1os en 2003 gracias a la iniciativa de las autoridades eclesiales de la familia de las Iglesias orientales ortodoxas y &hellip; <a href=\"https:\/\/www.biblia.work\/sermones\/el-papa-recibe-a-la-comision-para-el-dialogo-teologico-entre-la-iglesia-catolica-y-las-iglesias-orientales-ortodoxas\/\" class=\"more-link\">Continuar leyendo<span class=\"screen-reader-text\"> \u00abEl Papa recibe a la Comisi\u00f3n para el Dialogo Teol\u00f3gico entre la Iglesia cat\u00f3lica y las Iglesias orientales ortodoxas\u00bb<\/span><\/a><\/p>\n","protected":false},"author":1,"featured_media":0,"comment_status":"open","ping_status":"closed","sticky":false,"template":"","format":"standard","meta":{"footnotes":""},"categories":[1],"tags":[],"class_list":["post-38456","post","type-post","status-publish","format-standard","hentry","category-general"],"_links":{"self":[{"href":"https:\/\/www.biblia.work\/sermones\/wp-json\/wp\/v2\/posts\/38456","targetHints":{"allow":["GET"]}}],"collection":[{"href":"https:\/\/www.biblia.work\/sermones\/wp-json\/wp\/v2\/posts"}],"about":[{"href":"https:\/\/www.biblia.work\/sermones\/wp-json\/wp\/v2\/types\/post"}],"author":[{"embeddable":true,"href":"https:\/\/www.biblia.work\/sermones\/wp-json\/wp\/v2\/users\/1"}],"replies":[{"embeddable":true,"href":"https:\/\/www.biblia.work\/sermones\/wp-json\/wp\/v2\/comments?post=38456"}],"version-history":[{"count":0,"href":"https:\/\/www.biblia.work\/sermones\/wp-json\/wp\/v2\/posts\/38456\/revisions"}],"wp:attachment":[{"href":"https:\/\/www.biblia.work\/sermones\/wp-json\/wp\/v2\/media?parent=38456"}],"wp:term":[{"taxonomy":"category","embeddable":true,"href":"https:\/\/www.biblia.work\/sermones\/wp-json\/wp\/v2\/categories?post=38456"},{"taxonomy":"post_tag","embeddable":true,"href":"https:\/\/www.biblia.work\/sermones\/wp-json\/wp\/v2\/tags?post=38456"}],"curies":[{"name":"wp","href":"https:\/\/api.w.org\/{rel}","templated":true}]}}