{"id":38458,"date":"2016-06-21T17:54:24","date_gmt":"2016-06-21T22:54:24","guid":{"rendered":"http:\/\/www.biblia.work\/sermones\/santa-sede-observador-extra-regional-del-sistema-de-integracion-americana-sica\/"},"modified":"2016-06-21T17:54:24","modified_gmt":"2016-06-21T22:54:24","slug":"santa-sede-observador-extra-regional-del-sistema-de-integracion-americana-sica","status":"publish","type":"post","link":"https:\/\/www.biblia.work\/sermones\/santa-sede-observador-extra-regional-del-sistema-de-integracion-americana-sica\/","title":{"rendered":"Santa Sede: observador extra-regional del Sistema de Integraci\u00f3n Americana (SICA)"},"content":{"rendered":"<p align=\"justify\">La Oficina de Prensa de la Santa Sede informa hoy de que el lunes, 21 de enero. en San Salvador (El Salvador), en la sede de la Secretar\u00eda General del \u201cSistema de Integraci\u00f3n Americana\u201d (SICA) se ha firmado un acuerdo entre la Santa Sede y ese organismo, por el cual la Santa Sede ha pasado a ser Observador Extra-Regional del mismo. <\/p>\n<p align=\"justify\">Por parte de la Santa Sede el acuerdo ha sido firmado por el arzobispo Luigi Pezzuto, nuncio apost\u00f3lico en El Salvador, y por parte del SICA por su Secretario general Juan Daniel Alem\u00e1n Guardi\u00e1n. En la ceremonia estaban presentes numerosos embajadores del continente latinoamericano.<\/p>\n<p align=\"justify\">En precedencia la Reuni\u00f3n Ordinaria de los Jefes de Estado y de Gobierno del SICA, que tuvo lugar en Managua (Nicaragua) en diciembre de 2012, se hab\u00eda hecho eco del inter\u00e9s de la Santa Sede por participar en el SICA como Observador Extra-Regional, con motivo de la aportaci\u00f3n que tanto la Santa Sede como la Iglesia Cat\u00f3lica brindan en el desarrollo de los sectores sociales, culturales y educativos, adem\u00e1s de en los derechos humanos y en la seguridad democr\u00e1tica.<\/p>\n<p align=\"justify\">&nbsp;<\/p>\n<p align=\"justify\">Ciudad del Vaticano, 23 enero 2013 (VIS).-<\/p>\n","protected":false},"excerpt":{"rendered":"<p>La Oficina de Prensa de la Santa Sede informa hoy de que el lunes, 21 de enero. en San Salvador (El Salvador), en la sede de la Secretar\u00eda General del \u201cSistema de Integraci\u00f3n Americana\u201d (SICA) se ha firmado un acuerdo entre la Santa Sede y ese organismo, por el cual la Santa Sede ha pasado &hellip; <a href=\"https:\/\/www.biblia.work\/sermones\/santa-sede-observador-extra-regional-del-sistema-de-integracion-americana-sica\/\" class=\"more-link\">Continuar leyendo<span class=\"screen-reader-text\"> \u00abSanta Sede: observador extra-regional del Sistema de Integraci\u00f3n Americana (SICA)\u00bb<\/span><\/a><\/p>\n","protected":false},"author":1,"featured_media":0,"comment_status":"open","ping_status":"closed","sticky":false,"template":"","format":"standard","meta":{"footnotes":""},"categories":[1],"tags":[],"class_list":["post-38458","post","type-post","status-publish","format-standard","hentry","category-general"],"_links":{"self":[{"href":"https:\/\/www.biblia.work\/sermones\/wp-json\/wp\/v2\/posts\/38458","targetHints":{"allow":["GET"]}}],"collection":[{"href":"https:\/\/www.biblia.work\/sermones\/wp-json\/wp\/v2\/posts"}],"about":[{"href":"https:\/\/www.biblia.work\/sermones\/wp-json\/wp\/v2\/types\/post"}],"author":[{"embeddable":true,"href":"https:\/\/www.biblia.work\/sermones\/wp-json\/wp\/v2\/users\/1"}],"replies":[{"embeddable":true,"href":"https:\/\/www.biblia.work\/sermones\/wp-json\/wp\/v2\/comments?post=38458"}],"version-history":[{"count":0,"href":"https:\/\/www.biblia.work\/sermones\/wp-json\/wp\/v2\/posts\/38458\/revisions"}],"wp:attachment":[{"href":"https:\/\/www.biblia.work\/sermones\/wp-json\/wp\/v2\/media?parent=38458"}],"wp:term":[{"taxonomy":"category","embeddable":true,"href":"https:\/\/www.biblia.work\/sermones\/wp-json\/wp\/v2\/categories?post=38458"},{"taxonomy":"post_tag","embeddable":true,"href":"https:\/\/www.biblia.work\/sermones\/wp-json\/wp\/v2\/tags?post=38458"}],"curies":[{"name":"wp","href":"https:\/\/api.w.org\/{rel}","templated":true}]}}