{"id":38462,"date":"2016-06-21T17:54:49","date_gmt":"2016-06-21T22:54:49","guid":{"rendered":"http:\/\/www.biblia.work\/sermones\/dario-edoardo-vigano-director-para-el-centro-televisivo-vaticano\/"},"modified":"2016-06-21T17:54:49","modified_gmt":"2016-06-21T22:54:49","slug":"dario-edoardo-vigano-director-para-el-centro-televisivo-vaticano","status":"publish","type":"post","link":"https:\/\/www.biblia.work\/sermones\/dario-edoardo-vigano-director-para-el-centro-televisivo-vaticano\/","title":{"rendered":"Dario Edoardo Vigan\u00f2, director para el Centro Televisivo Vaticano"},"content":{"rendered":"<p align=\"justify\"><em>Cambios en los mandos de la comunicaci\u00f3n del Vaticano<\/em><\/p>\n<p align=\"justify\">Nuevo director para el Centro Televisivo. Un segundo vicedirector en Sala de Prensa facilitar\u00e1 la labor de periodistas<\/p>\n<p align=\"justify\"><strong>Benedicto XVI<\/strong> nombr\u00f3 a monse\u00f1or <strong>Dario Edoardo Vigan\u00f2<\/strong> nuevo director para el Centro Televisivo Vaticano que toma el puesto del padre Federico Lombardi, y a un segundo vicedirector para la Sala de Prensa de la Santa Sede, Angelo Scelzo, quien trabajar\u00e1 con la acreditaci\u00f3n de los operadores video y ayudar\u00e1 al actual vicedirector, el padre Ciro Benedettini. Lo indic\u00f3 hoy la sala de prensa del Vaticano en los nombramientos realizados por el santo padre.<\/p>\n<p align=\"justify\">Monse\u00f1or Dario Edoardo Vigan\u00f2, es del clero de la archidi\u00f3cesis de Mil\u00e1n, profesor del Instituto Pastoral <em>Redemptor hominis<\/em> de la Pontificia Universidad Lateranense, y experto en cine.<\/p>\n<p align=\"justify\">Angelo Scelzo, laico, periodista, hasta ahora trabaj\u00f3 como subsecretario del Consejo Pontificio de las Comunicaciones Sociales, en donde se ocupaba de las acreditaciones y permisos para los periodistas que necesitan realizar servicios audiovisuales.<\/p>\n<p align=\"justify\">Se unifican con este cambio todos los permisos en la Sala de Prensa del Vaticano, permitiendo una mayor coordinaci\u00f3n y facilitando la labor de los periodistas, incluso los ya acreditados, que cuando necesitaban de realizar servicios video o fotogr\u00e1ficos deb\u00edan solicitarlo al dicasterio de las Comunicaciones Sociales.<\/p>\n<p align=\"justify\">&nbsp;<\/p>\n<p align=\"right\"><em>Por H. Sergio Mora<\/em><\/p>\n<p align=\"right\">\u00a0(Zenit.org) &#8211;<\/p>\n","protected":false},"excerpt":{"rendered":"<p>Cambios en los mandos de la comunicaci\u00f3n del Vaticano Nuevo director para el Centro Televisivo. Un segundo vicedirector en Sala de Prensa facilitar\u00e1 la labor de periodistas Benedicto XVI nombr\u00f3 a monse\u00f1or Dario Edoardo Vigan\u00f2 nuevo director para el Centro Televisivo Vaticano que toma el puesto del padre Federico Lombardi, y a un segundo vicedirector &hellip; <a href=\"https:\/\/www.biblia.work\/sermones\/dario-edoardo-vigano-director-para-el-centro-televisivo-vaticano\/\" class=\"more-link\">Continuar leyendo<span class=\"screen-reader-text\"> \u00abDario Edoardo Vigan\u00f2, director para el Centro Televisivo Vaticano\u00bb<\/span><\/a><\/p>\n","protected":false},"author":1,"featured_media":0,"comment_status":"open","ping_status":"closed","sticky":false,"template":"","format":"standard","meta":{"footnotes":""},"categories":[1],"tags":[],"class_list":["post-38462","post","type-post","status-publish","format-standard","hentry","category-general"],"_links":{"self":[{"href":"https:\/\/www.biblia.work\/sermones\/wp-json\/wp\/v2\/posts\/38462","targetHints":{"allow":["GET"]}}],"collection":[{"href":"https:\/\/www.biblia.work\/sermones\/wp-json\/wp\/v2\/posts"}],"about":[{"href":"https:\/\/www.biblia.work\/sermones\/wp-json\/wp\/v2\/types\/post"}],"author":[{"embeddable":true,"href":"https:\/\/www.biblia.work\/sermones\/wp-json\/wp\/v2\/users\/1"}],"replies":[{"embeddable":true,"href":"https:\/\/www.biblia.work\/sermones\/wp-json\/wp\/v2\/comments?post=38462"}],"version-history":[{"count":0,"href":"https:\/\/www.biblia.work\/sermones\/wp-json\/wp\/v2\/posts\/38462\/revisions"}],"wp:attachment":[{"href":"https:\/\/www.biblia.work\/sermones\/wp-json\/wp\/v2\/media?parent=38462"}],"wp:term":[{"taxonomy":"category","embeddable":true,"href":"https:\/\/www.biblia.work\/sermones\/wp-json\/wp\/v2\/categories?post=38462"},{"taxonomy":"post_tag","embeddable":true,"href":"https:\/\/www.biblia.work\/sermones\/wp-json\/wp\/v2\/tags?post=38462"}],"curies":[{"name":"wp","href":"https:\/\/api.w.org\/{rel}","templated":true}]}}