{"id":38466,"date":"2016-06-21T17:55:09","date_gmt":"2016-06-21T22:55:09","guid":{"rendered":"http:\/\/www.biblia.work\/sermones\/el-cardenal-ravasi-predicara-los-ejercicios-espirituales-al-papa-benedicto-xvi-en-cuaresma\/"},"modified":"2016-06-21T17:55:09","modified_gmt":"2016-06-21T22:55:09","slug":"el-cardenal-ravasi-predicara-los-ejercicios-espirituales-al-papa-benedicto-xvi-en-cuaresma","status":"publish","type":"post","link":"https:\/\/www.biblia.work\/sermones\/el-cardenal-ravasi-predicara-los-ejercicios-espirituales-al-papa-benedicto-xvi-en-cuaresma\/","title":{"rendered":"El cardenal Ravasi predicar\u00e1 los ejercicios espirituales al Papa Benedicto XVI,  en Cuaresma"},"content":{"rendered":"<p align=\"justify\">Desde la tarde del domingo 17 de febrero, primer domingo de Cuaresma, y hasta la ma\u00f1ana del s\u00e1bado d\u00eda 23, tendr\u00e1n lugar los ejercicios espirituales que el Papa, como todos los a\u00f1os en el comienzo de la Cuaresma, realizar\u00e1 en el Vaticano, junto a otros prelados.<\/p>\n<p align=\"justify\">La capilla &#8220;Redemptoris Mater&#8221; es el lugar, decorado con hermos\u00edsimos\u00a0 mosaicos del jesuita <strong>Mark Ivan Rupnik<\/strong>, es el lugar de las predicaciones.<\/p>\n<p align=\"justify\">El cardenal <strong>Gianfranco Ravasi,<\/strong> presidente del Consejo Pontificio para la Cultura, ser\u00e1 el predicador de la tanda de ejercicios. Ravasi, reputado biblista, centrar\u00e1 sus meditaciones en el libro de los Salmos. \u201cArs orandi, ars credendi. El rostro de Dios en Dios y en el hombre en la plegaria s\u00e1lmica\u201d ser\u00e1 el t\u00edtulo de estas meditaciones del purpurado.<\/p>\n","protected":false},"excerpt":{"rendered":"<p>Desde la tarde del domingo 17 de febrero, primer domingo de Cuaresma, y hasta la ma\u00f1ana del s\u00e1bado d\u00eda 23, tendr\u00e1n lugar los ejercicios espirituales que el Papa, como todos los a\u00f1os en el comienzo de la Cuaresma, realizar\u00e1 en el Vaticano, junto a otros prelados. La capilla &#8220;Redemptoris Mater&#8221; es el lugar, decorado con &hellip; <a href=\"https:\/\/www.biblia.work\/sermones\/el-cardenal-ravasi-predicara-los-ejercicios-espirituales-al-papa-benedicto-xvi-en-cuaresma\/\" class=\"more-link\">Continuar leyendo<span class=\"screen-reader-text\"> \u00abEl cardenal Ravasi predicar\u00e1 los ejercicios espirituales al Papa Benedicto XVI,  en Cuaresma\u00bb<\/span><\/a><\/p>\n","protected":false},"author":1,"featured_media":0,"comment_status":"open","ping_status":"closed","sticky":false,"template":"","format":"standard","meta":{"footnotes":""},"categories":[1],"tags":[],"class_list":["post-38466","post","type-post","status-publish","format-standard","hentry","category-general"],"_links":{"self":[{"href":"https:\/\/www.biblia.work\/sermones\/wp-json\/wp\/v2\/posts\/38466","targetHints":{"allow":["GET"]}}],"collection":[{"href":"https:\/\/www.biblia.work\/sermones\/wp-json\/wp\/v2\/posts"}],"about":[{"href":"https:\/\/www.biblia.work\/sermones\/wp-json\/wp\/v2\/types\/post"}],"author":[{"embeddable":true,"href":"https:\/\/www.biblia.work\/sermones\/wp-json\/wp\/v2\/users\/1"}],"replies":[{"embeddable":true,"href":"https:\/\/www.biblia.work\/sermones\/wp-json\/wp\/v2\/comments?post=38466"}],"version-history":[{"count":0,"href":"https:\/\/www.biblia.work\/sermones\/wp-json\/wp\/v2\/posts\/38466\/revisions"}],"wp:attachment":[{"href":"https:\/\/www.biblia.work\/sermones\/wp-json\/wp\/v2\/media?parent=38466"}],"wp:term":[{"taxonomy":"category","embeddable":true,"href":"https:\/\/www.biblia.work\/sermones\/wp-json\/wp\/v2\/categories?post=38466"},{"taxonomy":"post_tag","embeddable":true,"href":"https:\/\/www.biblia.work\/sermones\/wp-json\/wp\/v2\/tags?post=38466"}],"curies":[{"name":"wp","href":"https:\/\/api.w.org\/{rel}","templated":true}]}}