{"id":38467,"date":"2016-06-21T17:55:13","date_gmt":"2016-06-21T22:55:13","guid":{"rendered":"http:\/\/www.biblia.work\/sermones\/santa-misa-en-el-vaticano-en-la-jornada-mundial-de-la-vida-consagrada\/"},"modified":"2016-06-21T17:55:13","modified_gmt":"2016-06-21T22:55:13","slug":"santa-misa-en-el-vaticano-en-la-jornada-mundial-de-la-vida-consagrada","status":"publish","type":"post","link":"https:\/\/www.biblia.work\/sermones\/santa-misa-en-el-vaticano-en-la-jornada-mundial-de-la-vida-consagrada\/","title":{"rendered":"Santa Misa en el Vaticano en la Jornada Mundial de la Vida Consagrada"},"content":{"rendered":"<p align=\"justify\">El pr\u00f3ximo s\u00e1bado, 2 de febrero, a las 17, 30 en la bas\u00edlica vaticana, Benedicto XVI celebrar\u00e1 la Santa Misa en la festividad de la Presentaci\u00f3n del Se\u00f1or, en ocasi\u00f3n de la Jornada mundial de la Vida Consagrada.<\/p>\n<p align=\"justify\">Concelebrar\u00e1n con el Santo Padre el cardenal Joao Braz de Aviz, Prefecto de la Congregaci\u00f3n para los Institutos de Vida Consagrada y las Sociedades de Vida Apost\u00f3lica, el subsecretario de ese dicasterio y todos cuantos han sido invitados por parte de la Congregaci\u00f3n. A la Santa Misa est\u00e1n invitados, en particular, los miembros de los Institutos de Vida Consagrada y las Sociedades de Vida Apost\u00f3lica.<\/p>\n<p align=\"justify\">&nbsp;<\/p>\n<p align=\"right\">Ciudad del Vaticano, 21 enero 2013 (VIS).-<\/p>\n","protected":false},"excerpt":{"rendered":"<p>El pr\u00f3ximo s\u00e1bado, 2 de febrero, a las 17, 30 en la bas\u00edlica vaticana, Benedicto XVI celebrar\u00e1 la Santa Misa en la festividad de la Presentaci\u00f3n del Se\u00f1or, en ocasi\u00f3n de la Jornada mundial de la Vida Consagrada. Concelebrar\u00e1n con el Santo Padre el cardenal Joao Braz de Aviz, Prefecto de la Congregaci\u00f3n para los &hellip; <a href=\"https:\/\/www.biblia.work\/sermones\/santa-misa-en-el-vaticano-en-la-jornada-mundial-de-la-vida-consagrada\/\" class=\"more-link\">Continuar leyendo<span class=\"screen-reader-text\"> \u00abSanta Misa en el Vaticano en la Jornada Mundial de la Vida Consagrada\u00bb<\/span><\/a><\/p>\n","protected":false},"author":1,"featured_media":0,"comment_status":"open","ping_status":"closed","sticky":false,"template":"","format":"standard","meta":{"footnotes":""},"categories":[1],"tags":[],"class_list":["post-38467","post","type-post","status-publish","format-standard","hentry","category-general"],"_links":{"self":[{"href":"https:\/\/www.biblia.work\/sermones\/wp-json\/wp\/v2\/posts\/38467","targetHints":{"allow":["GET"]}}],"collection":[{"href":"https:\/\/www.biblia.work\/sermones\/wp-json\/wp\/v2\/posts"}],"about":[{"href":"https:\/\/www.biblia.work\/sermones\/wp-json\/wp\/v2\/types\/post"}],"author":[{"embeddable":true,"href":"https:\/\/www.biblia.work\/sermones\/wp-json\/wp\/v2\/users\/1"}],"replies":[{"embeddable":true,"href":"https:\/\/www.biblia.work\/sermones\/wp-json\/wp\/v2\/comments?post=38467"}],"version-history":[{"count":0,"href":"https:\/\/www.biblia.work\/sermones\/wp-json\/wp\/v2\/posts\/38467\/revisions"}],"wp:attachment":[{"href":"https:\/\/www.biblia.work\/sermones\/wp-json\/wp\/v2\/media?parent=38467"}],"wp:term":[{"taxonomy":"category","embeddable":true,"href":"https:\/\/www.biblia.work\/sermones\/wp-json\/wp\/v2\/categories?post=38467"},{"taxonomy":"post_tag","embeddable":true,"href":"https:\/\/www.biblia.work\/sermones\/wp-json\/wp\/v2\/tags?post=38467"}],"curies":[{"name":"wp","href":"https:\/\/api.w.org\/{rel}","templated":true}]}}