{"id":38468,"date":"2016-06-21T17:55:17","date_gmt":"2016-06-21T22:55:17","guid":{"rendered":"http:\/\/www.biblia.work\/sermones\/presentacion-de-los-corderos-en-la-fiesta-de-santa-ines-en-el-vaticano\/"},"modified":"2016-06-21T17:55:17","modified_gmt":"2016-06-21T22:55:17","slug":"presentacion-de-los-corderos-en-la-fiesta-de-santa-ines-en-el-vaticano","status":"publish","type":"post","link":"https:\/\/www.biblia.work\/sermones\/presentacion-de-los-corderos-en-la-fiesta-de-santa-ines-en-el-vaticano\/","title":{"rendered":"Presentaci\u00f3n de los corderos en la fiesta de Santa In\u00e9s en el Vaticano"},"content":{"rendered":"<p align=\"justify\">Hoy, en la capilla de Urbano VIII del Palacio Apost\u00f3lico, han sido presentados al Papa dos corderos bendecidos esta ma\u00f1ana, con motivo de la memoria lit\u00fargica de santa In\u00e9s, en la bas\u00edlica del mismo nombre de la V\u00eda Nomentana en Roma, donde est\u00e1 enterrada la santa. La lana de estos animales se utilizar\u00e1 para confeccionar los palios de los nuevos arzobispos metropolitanos.<\/p>\n<p align=\"justify\">El palio es una ense\u00f1a lit\u00fargica de honor y de jurisdicci\u00f3n que llevan el Papa y los arzobispos metropolitanos en sus Iglesias y en las de sus Provincias. Consiste en una banda de lana blanca en la que est\u00e1n bordadas seis cruces de seda negra. Los padres trapenses de la Abad\u00eda de las Tres Fuentes cr\u00edan los corderos, el animal s\u00edmbolo de Santa In\u00e9s, martirizada en Roma alrededor del a\u00f1o 305. Las religiosas de Santa Cecilia tejen los palios con la lana de estos animales.<\/p>\n<p align=\"justify\">El rito de la imposici\u00f3n de los palios a los nuevos arzobispos metropolitanos es cumplido por el Santo Padre el 29 de junio, solemnidad de los santos ap\u00f3stoles Pedro y Pablo.<\/p>\n<p align=\"justify\">&nbsp;<\/p>\n<p align=\"right\">Ciudad del Vaticano, 21 enero 2013 (VIS).-<\/p>\n","protected":false},"excerpt":{"rendered":"<p>Hoy, en la capilla de Urbano VIII del Palacio Apost\u00f3lico, han sido presentados al Papa dos corderos bendecidos esta ma\u00f1ana, con motivo de la memoria lit\u00fargica de santa In\u00e9s, en la bas\u00edlica del mismo nombre de la V\u00eda Nomentana en Roma, donde est\u00e1 enterrada la santa. La lana de estos animales se utilizar\u00e1 para confeccionar &hellip; <a href=\"https:\/\/www.biblia.work\/sermones\/presentacion-de-los-corderos-en-la-fiesta-de-santa-ines-en-el-vaticano\/\" class=\"more-link\">Continuar leyendo<span class=\"screen-reader-text\"> \u00abPresentaci\u00f3n de los corderos en la fiesta de Santa In\u00e9s en el Vaticano\u00bb<\/span><\/a><\/p>\n","protected":false},"author":1,"featured_media":0,"comment_status":"open","ping_status":"closed","sticky":false,"template":"","format":"standard","meta":{"footnotes":""},"categories":[1],"tags":[],"class_list":["post-38468","post","type-post","status-publish","format-standard","hentry","category-general"],"_links":{"self":[{"href":"https:\/\/www.biblia.work\/sermones\/wp-json\/wp\/v2\/posts\/38468","targetHints":{"allow":["GET"]}}],"collection":[{"href":"https:\/\/www.biblia.work\/sermones\/wp-json\/wp\/v2\/posts"}],"about":[{"href":"https:\/\/www.biblia.work\/sermones\/wp-json\/wp\/v2\/types\/post"}],"author":[{"embeddable":true,"href":"https:\/\/www.biblia.work\/sermones\/wp-json\/wp\/v2\/users\/1"}],"replies":[{"embeddable":true,"href":"https:\/\/www.biblia.work\/sermones\/wp-json\/wp\/v2\/comments?post=38468"}],"version-history":[{"count":0,"href":"https:\/\/www.biblia.work\/sermones\/wp-json\/wp\/v2\/posts\/38468\/revisions"}],"wp:attachment":[{"href":"https:\/\/www.biblia.work\/sermones\/wp-json\/wp\/v2\/media?parent=38468"}],"wp:term":[{"taxonomy":"category","embeddable":true,"href":"https:\/\/www.biblia.work\/sermones\/wp-json\/wp\/v2\/categories?post=38468"},{"taxonomy":"post_tag","embeddable":true,"href":"https:\/\/www.biblia.work\/sermones\/wp-json\/wp\/v2\/tags?post=38468"}],"curies":[{"name":"wp","href":"https:\/\/api.w.org\/{rel}","templated":true}]}}