{"id":38470,"date":"2016-06-21T17:55:34","date_gmt":"2016-06-21T22:55:34","guid":{"rendered":"http:\/\/www.biblia.work\/sermones\/saludo-en-espanol-del-papa-benedicto-xvi-tras-el-angelus-domingo-20-enero-2013-bodas-de-cana\/"},"modified":"2016-06-21T17:55:34","modified_gmt":"2016-06-21T22:55:34","slug":"saludo-en-espanol-del-papa-benedicto-xvi-tras-el-angelus-domingo-20-enero-2013-bodas-de-cana","status":"publish","type":"post","link":"https:\/\/www.biblia.work\/sermones\/saludo-en-espanol-del-papa-benedicto-xvi-tras-el-angelus-domingo-20-enero-2013-bodas-de-cana\/","title":{"rendered":"Saludo en espa\u00f1ol del Papa Benedicto XVI tras el \u00e1ngelus domingo 20 enero 2013 (Bodas de Can\u00e1)"},"content":{"rendered":"<p align=\"justify\">Saludo cordialmente a los peregrinos de lengua espa\u00f1ola, en particular al grupo de la parroquia de la Precios\u00edsima Sangre, de Valencia. Hoy, el Evangelio nos habla de las bodas de Can\u00e1, donde Jes\u00fas realiz\u00f3 el primer signo de su misi\u00f3n en el mundo.<\/p>\n<p align=\"justify\">\u00c9l viene a colmar con su don la plena salvaci\u00f3n del hombre, que por s\u00ed solo no puede alcanzar. Aceptar el don que se le ofrece, el don de la fe y la esperanza en Cristo, es lo que llena verdaderamente el coraz\u00f3n humano.<\/p>\n<p align=\"justify\">Hoy le pedimos tambi\u00e9n el don de la unidad de los cristianos. Y, como en aquellas bodas, Mar\u00eda nos indica el camino para que Dios entre en nuestra vida: \u00abHaced lo que Jes\u00fas os diga\u00bb. Hagamos confiadamente cada d\u00eda lo que dice nuestra Madre del cielo. Feliz domingo.<\/p>\n","protected":false},"excerpt":{"rendered":"<p>Saludo cordialmente a los peregrinos de lengua espa\u00f1ola, en particular al grupo de la parroquia de la Precios\u00edsima Sangre, de Valencia. Hoy, el Evangelio nos habla de las bodas de Can\u00e1, donde Jes\u00fas realiz\u00f3 el primer signo de su misi\u00f3n en el mundo. \u00c9l viene a colmar con su don la plena salvaci\u00f3n del hombre, &hellip; <a href=\"https:\/\/www.biblia.work\/sermones\/saludo-en-espanol-del-papa-benedicto-xvi-tras-el-angelus-domingo-20-enero-2013-bodas-de-cana\/\" class=\"more-link\">Continuar leyendo<span class=\"screen-reader-text\"> \u00abSaludo en espa\u00f1ol del Papa Benedicto XVI tras el \u00e1ngelus domingo 20 enero 2013 (Bodas de Can\u00e1)\u00bb<\/span><\/a><\/p>\n","protected":false},"author":1,"featured_media":0,"comment_status":"open","ping_status":"closed","sticky":false,"template":"","format":"standard","meta":{"footnotes":""},"categories":[1],"tags":[],"class_list":["post-38470","post","type-post","status-publish","format-standard","hentry","category-general"],"_links":{"self":[{"href":"https:\/\/www.biblia.work\/sermones\/wp-json\/wp\/v2\/posts\/38470","targetHints":{"allow":["GET"]}}],"collection":[{"href":"https:\/\/www.biblia.work\/sermones\/wp-json\/wp\/v2\/posts"}],"about":[{"href":"https:\/\/www.biblia.work\/sermones\/wp-json\/wp\/v2\/types\/post"}],"author":[{"embeddable":true,"href":"https:\/\/www.biblia.work\/sermones\/wp-json\/wp\/v2\/users\/1"}],"replies":[{"embeddable":true,"href":"https:\/\/www.biblia.work\/sermones\/wp-json\/wp\/v2\/comments?post=38470"}],"version-history":[{"count":0,"href":"https:\/\/www.biblia.work\/sermones\/wp-json\/wp\/v2\/posts\/38470\/revisions"}],"wp:attachment":[{"href":"https:\/\/www.biblia.work\/sermones\/wp-json\/wp\/v2\/media?parent=38470"}],"wp:term":[{"taxonomy":"category","embeddable":true,"href":"https:\/\/www.biblia.work\/sermones\/wp-json\/wp\/v2\/categories?post=38470"},{"taxonomy":"post_tag","embeddable":true,"href":"https:\/\/www.biblia.work\/sermones\/wp-json\/wp\/v2\/tags?post=38470"}],"curies":[{"name":"wp","href":"https:\/\/api.w.org\/{rel}","templated":true}]}}