{"id":38473,"date":"2016-06-21T17:55:46","date_gmt":"2016-06-21T22:55:46","guid":{"rendered":"http:\/\/www.biblia.work\/sermones\/el-papa-llama-a-la-caridad-a-la-etica-y-a-la-antrologia-cristiana-en-su-encuentro-con-cor-umun\/"},"modified":"2016-06-21T17:55:46","modified_gmt":"2016-06-21T22:55:46","slug":"el-papa-llama-a-la-caridad-a-la-etica-y-a-la-antrologia-cristiana-en-su-encuentro-con-cor-umun","status":"publish","type":"post","link":"https:\/\/www.biblia.work\/sermones\/el-papa-llama-a-la-caridad-a-la-etica-y-a-la-antrologia-cristiana-en-su-encuentro-con-cor-umun\/","title":{"rendered":"El Papa llama a la car\u00eddad, a la \u00e9tica y a la antrolog\u00eda cristiana en su encuentro con Cor Umun"},"content":{"rendered":"<h1><strong>Ante los graves desaf\u00edos \u00e9ticos epocales, que corren el riesgo de esclavizar al hombre, Benedicto XVI reiter\u00f3 la misi\u00f3n de la Iglesia de tutelar y promover la dignidad humana de la vida y del matrimonio, alianza fecunda entre hombre y mujer, en su denso discurso a la plenaria del Pontificio Consejo Cor Unum, que en este A\u00f1o de la Fe, eligi\u00f3 como tema \u00abCaridad, nueva \u00e9tica y antropolog\u00eda cristiana\u00bb.<\/strong><\/h1>\n<p align=\"justify\">Recibiendo con alegr\u00eda y gratitud a los participantes en este encuentro y agradeciendo al Card. Robert Sarah, presidente del Pontificio Consejo Cor Unum, el Santo Padre extendi\u00f3 su saludo cordial a cuantos obran al servicio de la caridad de la Iglesia, &#8211; cuyo \u00abtestimonio puede abrir la puerta de la fe a tantas personas que buscan el amor de Cristo\u00bb &#8211; haciendo hincapi\u00e9 en que con su reciente Motu proprio Intima Ecclesiae natura, ha querido reiterar el sentido eclesial de este dicasterio, conocido como el de la caridad del Papa.<\/p>\n<p align=\"justify\">Benedicto XVI record\u00f3 los estrechos lazos entre amor y verdad y entre fe y caridad afianzada en Cristo y el Evangelio, haciendo hincapi\u00e9 en la dimensi\u00f3n prof\u00e9tica de la fe que instila verdad en la misma caridad, y se\u00f1alando el criterio correcto para evaluar las expresiones de caridad en el contexto del mundo actual.<\/p>\n<p align=\"justify\">En cada \u00e9poca, cuando se aparta del proyecto del amor divino, el hombre ha sido v\u00edctima de tentaciones culturales, record\u00f3 el Papa, refiri\u00e9ndose luego a las ideolog\u00edas que alababan el culto de la naci\u00f3n, de la raza, de la clase social, verdaderas idolatr\u00edas, as\u00ed como el capitalismo salvaje, con el culto de provecho, que acaba en crisis, desigualdades y miserias&#8230;<\/p>\n<p align=\"justify\">Poniendo en guardia contra la tr\u00e1gica reducci\u00f3n antropol\u00f3gica que se intenta promover en la actualidad, que vuelve a presentar el antiguo materialismo hedonista, al que se a\u00f1ade un \u2018promete\u00edsmo tecnol\u00f3gico\u2019, el Santo Padre se\u00f1al\u00f3 que del connubio entre una visi\u00f3n materialista del hombre y el gran desarrollo de la tecnolog\u00eda emerge una antropolog\u00eda atea: causando insidias que presentan lo que es t\u00e9cnicamente posible como si fuera moralmente l\u00edcito y todo experimento como si fuera aceptable, as\u00ed como se consiente toda pol\u00edtica demogr\u00e1fica y se legitima toda manipulaci\u00f3n:<\/p>\n<p align=\"justify\">\u00abLa fe y el sano discernimiento cristiano nos inducen por lo tanto a prestar una atenci\u00f3n prof\u00e9tica a esta problem\u00e1tica \u00e9tica y a la mentalidad subrepticia que la impulsa. La justa colaboraci\u00f3n con instancias internacionales en el campo del desarrollo y de la promoci\u00f3n humana no deben hacernos cerrar los ojos ante estas graves ideolog\u00edas y los Pastores de la Iglesia &#8211; que es \u00abcolumna y pilar de la verdad\u00bb ( 2 Tm 3,15) \u2013 tienen el deber de poner en guardia contra estas derivas, tanto a los fieles cat\u00f3licos, como a todas las personas de buena voluntad y recta raz\u00f3n. Se trata de una deriva negativa para el hombre aunque se disfrace de buenos sentimientos, de un presunto progreso o de presuntos derechos, o de un presunto humanismo\u00bb.<\/p>\n<p align=\"justify\">Ante esta realidad, Benedicto XVI record\u00f3 cu\u00e1l es el deber de todo cristiano, en particular de los que est\u00e1n comprometidos en actividades caritativas en la sociedad actual:<\/p>\n<p align=\"justify\">\u00abCiertamente debemos ejercer una vigilancia cristiana y a veces rechazar financiamientos y colaboraciones que, directa o indirectamente, favorecen acciones o proyectos en contraste con la antropolog\u00eda cristiana. Pero positivamente la Iglesia est\u00e1 siempre comprometida en promover al hombre seg\u00fan el dise\u00f1o de Dios, en su dignidad integral, en el respeto de su doble dimensi\u00f3n vertical y horizontal. A ello tiende tambi\u00e9n la acci\u00f3n de un desarrollo de los organismos eclesiales. La visi\u00f3n cristiana del hombre, en efecto es un gran \u2018s\u00ed\u2019 a la dignidad de la persona llamada a la \u00edntima comuni\u00f3n con Dios, una comuni\u00f3n filial, humilde y confiada. El ser humano no es ni un individuo absoluto, ni un elemento an\u00f3nimo de la colectividad, sino una persona singular e irrepetible, intr\u00ednsecamente ordenada a la relaci\u00f3n y a la socializaci\u00f3n. Por lo tanto, la Iglesia reitera tambi\u00e9n su gran \u2018s\u00ed\u2019 a la dignidad y a la belleza del matrimonio como expresi\u00f3n de fiel y fecunda alianzan entre el hombre y la mujer y su \u2018no\u2019 a filosof\u00edas como la de g\u00e9nero se motiva con el hecho de que la reciprocidad masculina y femenina es expresi\u00f3n de la belleza de la naturaleza querida por el Creador\u00bb.<\/p>\n<p align=\"justify\">(CdM &#8211; RV)<\/p>\n","protected":false},"excerpt":{"rendered":"<p>Ante los graves desaf\u00edos \u00e9ticos epocales, que corren el riesgo de esclavizar al hombre, Benedicto XVI reiter\u00f3 la misi\u00f3n de la Iglesia de tutelar y promover la dignidad humana de la vida y del matrimonio, alianza fecunda entre hombre y mujer, en su denso discurso a la plenaria del Pontificio Consejo Cor Unum, que en &hellip; <a href=\"https:\/\/www.biblia.work\/sermones\/el-papa-llama-a-la-caridad-a-la-etica-y-a-la-antrologia-cristiana-en-su-encuentro-con-cor-umun\/\" class=\"more-link\">Continuar leyendo<span class=\"screen-reader-text\"> \u00abEl Papa llama a la car\u00eddad, a la \u00e9tica y a la antrolog\u00eda cristiana en su encuentro con Cor Umun\u00bb<\/span><\/a><\/p>\n","protected":false},"author":1,"featured_media":0,"comment_status":"open","ping_status":"closed","sticky":false,"template":"","format":"standard","meta":{"footnotes":""},"categories":[1],"tags":[],"class_list":["post-38473","post","type-post","status-publish","format-standard","hentry","category-general"],"_links":{"self":[{"href":"https:\/\/www.biblia.work\/sermones\/wp-json\/wp\/v2\/posts\/38473","targetHints":{"allow":["GET"]}}],"collection":[{"href":"https:\/\/www.biblia.work\/sermones\/wp-json\/wp\/v2\/posts"}],"about":[{"href":"https:\/\/www.biblia.work\/sermones\/wp-json\/wp\/v2\/types\/post"}],"author":[{"embeddable":true,"href":"https:\/\/www.biblia.work\/sermones\/wp-json\/wp\/v2\/users\/1"}],"replies":[{"embeddable":true,"href":"https:\/\/www.biblia.work\/sermones\/wp-json\/wp\/v2\/comments?post=38473"}],"version-history":[{"count":0,"href":"https:\/\/www.biblia.work\/sermones\/wp-json\/wp\/v2\/posts\/38473\/revisions"}],"wp:attachment":[{"href":"https:\/\/www.biblia.work\/sermones\/wp-json\/wp\/v2\/media?parent=38473"}],"wp:term":[{"taxonomy":"category","embeddable":true,"href":"https:\/\/www.biblia.work\/sermones\/wp-json\/wp\/v2\/categories?post=38473"},{"taxonomy":"post_tag","embeddable":true,"href":"https:\/\/www.biblia.work\/sermones\/wp-json\/wp\/v2\/tags?post=38473"}],"curies":[{"name":"wp","href":"https:\/\/api.w.org\/{rel}","templated":true}]}}