{"id":38474,"date":"2016-06-21T17:55:50","date_gmt":"2016-06-21T22:55:50","guid":{"rendered":"http:\/\/www.biblia.work\/sermones\/benedicto-xvi-recibe-a-una-delegacion-ecumenica-de-la-iglesia-luterana\/"},"modified":"2016-06-21T17:55:50","modified_gmt":"2016-06-21T22:55:50","slug":"benedicto-xvi-recibe-a-una-delegacion-ecumenica-de-la-iglesia-luterana","status":"publish","type":"post","link":"https:\/\/www.biblia.work\/sermones\/benedicto-xvi-recibe-a-una-delegacion-ecumenica-de-la-iglesia-luterana\/","title":{"rendered":"Benedicto XVI recibe a una delegaci\u00f3n ecum\u00e9nica de la Iglesia Luterana"},"content":{"rendered":"<p align=\"justify\"><em>El Papa: avanzar por el camino del ecumenismo y cooperar en una sociedad m\u00e1s justa y fraternal<\/em><\/p>\n<p align=\"justify\">Con ocasi\u00f3n de la festividad de <strong>san Enrique de Uppsala<\/strong>, <strong>patr\u00f3n de Finlandia, Benedicto XVI <\/strong>ha recibido esta ma\u00f1ana en audiencia a una <strong>delegaci\u00f3n ecum\u00e9nica de la Iglesia Luterana de esa naci\u00f3n<\/strong>, que, como todos los a\u00f1os por estas fechas viene en peregrinaci\u00f3n a Roma.<\/p>\n<p align=\"justify\">El Santo Padre ha manifestado una vez m\u00e1s su agrado por esta tradicional visita anual observando que era, adem\u00e1s, muy oportuno que este encuentro tuviera lugar en la v\u00edspera de la Semana de Oraci\u00f3n por la Unidad de los Cristianos, cuyo tema este a\u00f1o est\u00e1 tomado del libro del profeta Miqueas: &#8220;\u00bfQu\u00e9 exige el Se\u00f1or de nosotros?\u201d.<\/p>\n<p align=\"justify\">\u201cEl profeta &#8211; ha dicho el Papa- deja claro, por supuesto, lo que el Se\u00f1or exige de nosotros: se trata de &#8220;hacer justicia, amar la misericordia, y caminar humildemente con nuestro Dios&#8221;. El tiempo de Navidad que acabamos de celebrar nos recuerda que Dios es el que desde el principio ha caminado con nosotros, y aquel que, en la plenitud de los tiempos, se encarn\u00f3 para salvarnos de nuestros pecados y para guiar nuestros pasos en el camino de la santidad, la justicia y la paz\u201d.<\/p>\n<p align=\"justify\">\u201cCaminar humildemente en la presencia del Se\u00f1or, en obediencia a su palabra de salvaci\u00f3n y con la confianza en su plan de gracia, brinda una imagen elocuente no s\u00f3lo de la vida de fe, sino tambi\u00e9n de nuestro viaje ecum\u00e9nico por el camino hacia la plena y visible unidad de todos los cristianos. En este camino de discipulado, estamos llamados a proseguir juntos por el camino estrecho de la fidelidad a la voluntad soberana de Dios para hacer frente a cualquier dificultad u obst\u00e1culo que se pueda encontrar\u201d.<\/p>\n<p align=\"justify\">Por lo tanto, \u201cpara avanzar por el camino de la comuni\u00f3n ecum\u00e9nica &#8211; ha subrayado el pont\u00edfice- es necesario que estemos cada vez m\u00e1s unidos en la oraci\u00f3n, cada vez m\u00e1s comprometidos con la b\u00fasqueda de la santidad, y cada vez m\u00e1s empe\u00f1ados en los \u00e1mbitos de la investigaci\u00f3n teol\u00f3gica y de la cooperaci\u00f3n al servicio de una sociedad justa y fraterna. Siguiendo este camino de ecumenismo espiritual, caminamos verdaderamente con Dios y unos con otros en la justicia y el amor porque, como afirma la Declaraci\u00f3n Conjunta sobre la Doctrina de la Justificaci\u00f3n: &#8220;Somos aceptados por Dios y recibimos el Esp\u00edritu Santo que renueva nuestros corazones, mientras nos capacita y nos llama a las buenas obras\u201d.<\/p>\n<p align=\"justify\">El Papa ha concluido su discurso manifestando la esperanza de que la visita a Roma de la delegaci\u00f3n finlandesa \u201ccontribuya a fortalecer las relaciones ecum\u00e9nicas entre todos los cristianos\u201d en ese pa\u00eds.<\/p>\n<p align=\"justify\">\u201cDemos gracias a Dios por todo lo que se ha logrado hasta ahora y oremos para que el Esp\u00edritu de la verdad gu\u00ede a los seguidores de Cristo en vuestro pa\u00eds hacia un amor y una unidad cada vez m\u00e1s fuertes, mientras se esfuerzan por vivir en la luz del Evangelio y por iluminar con ella las grandes cuestiones morales que enfrentan nuestras sociedades. Si recorremos juntos con humildad el camino de la justicia, la misericordia y la justicia que el Se\u00f1or nos ha indicado, los cristianos, no s\u00f3lo vivir\u00e1n en la verdad: ser\u00e1n tambi\u00e9n faros de alegr\u00eda y esperanza para todos aquellos que buscan un punto seguro de referencia en nuestro mundo en constante transformaci\u00f3n\u201d.<\/p>\n<p align=\"justify\">&nbsp;<\/p>\n<p align=\"right\">Ciudad del Vaticano, 17 enero 2013 (VIS).-<\/p>\n","protected":false},"excerpt":{"rendered":"<p>El Papa: avanzar por el camino del ecumenismo y cooperar en una sociedad m\u00e1s justa y fraternal Con ocasi\u00f3n de la festividad de san Enrique de Uppsala, patr\u00f3n de Finlandia, Benedicto XVI ha recibido esta ma\u00f1ana en audiencia a una delegaci\u00f3n ecum\u00e9nica de la Iglesia Luterana de esa naci\u00f3n, que, como todos los a\u00f1os por &hellip; <a href=\"https:\/\/www.biblia.work\/sermones\/benedicto-xvi-recibe-a-una-delegacion-ecumenica-de-la-iglesia-luterana\/\" class=\"more-link\">Continuar leyendo<span class=\"screen-reader-text\"> \u00abBenedicto XVI recibe a una delegaci\u00f3n ecum\u00e9nica de la Iglesia Luterana\u00bb<\/span><\/a><\/p>\n","protected":false},"author":1,"featured_media":0,"comment_status":"open","ping_status":"closed","sticky":false,"template":"","format":"standard","meta":{"footnotes":""},"categories":[1],"tags":[],"class_list":["post-38474","post","type-post","status-publish","format-standard","hentry","category-general"],"_links":{"self":[{"href":"https:\/\/www.biblia.work\/sermones\/wp-json\/wp\/v2\/posts\/38474","targetHints":{"allow":["GET"]}}],"collection":[{"href":"https:\/\/www.biblia.work\/sermones\/wp-json\/wp\/v2\/posts"}],"about":[{"href":"https:\/\/www.biblia.work\/sermones\/wp-json\/wp\/v2\/types\/post"}],"author":[{"embeddable":true,"href":"https:\/\/www.biblia.work\/sermones\/wp-json\/wp\/v2\/users\/1"}],"replies":[{"embeddable":true,"href":"https:\/\/www.biblia.work\/sermones\/wp-json\/wp\/v2\/comments?post=38474"}],"version-history":[{"count":0,"href":"https:\/\/www.biblia.work\/sermones\/wp-json\/wp\/v2\/posts\/38474\/revisions"}],"wp:attachment":[{"href":"https:\/\/www.biblia.work\/sermones\/wp-json\/wp\/v2\/media?parent=38474"}],"wp:term":[{"taxonomy":"category","embeddable":true,"href":"https:\/\/www.biblia.work\/sermones\/wp-json\/wp\/v2\/categories?post=38474"},{"taxonomy":"post_tag","embeddable":true,"href":"https:\/\/www.biblia.work\/sermones\/wp-json\/wp\/v2\/tags?post=38474"}],"curies":[{"name":"wp","href":"https:\/\/api.w.org\/{rel}","templated":true}]}}