{"id":38476,"date":"2016-06-21T17:56:03","date_gmt":"2016-06-21T22:56:03","guid":{"rendered":"http:\/\/www.biblia.work\/sermones\/intencion-del-papa-pide-a-todos-los-cristianos-que-profesen-juntos-que-jesus-es-el-salvador\/"},"modified":"2016-06-21T17:56:03","modified_gmt":"2016-06-21T22:56:03","slug":"intencion-del-papa-pide-a-todos-los-cristianos-que-profesen-juntos-que-jesus-es-el-salvador","status":"publish","type":"post","link":"https:\/\/www.biblia.work\/sermones\/intencion-del-papa-pide-a-todos-los-cristianos-que-profesen-juntos-que-jesus-es-el-salvador\/","title":{"rendered":"Intenci\u00f3n del Papa: pide a todos los cristianos que profesen juntos que Jes\u00fas es el salvador"},"content":{"rendered":"<p align=\"justify\">Despu\u00e9s de la <strong>catequesis Benedicto XVI<\/strong> ha recordado que pasado ma\u00f1ana, viernes 18 de enero, comienza la <strong>Semana de oraci\u00f3n por la unidad de los cristianos<\/strong> cuyo tema este a\u00f1o es: \u201c\u00bfQu\u00e9 exige el Se\u00f1or de nosotros?\u201d , inspirado en un pasaje del profeta Miqueas.<\/p>\n<p align=\"justify\">El Papa ha invitado a todos \u201c<strong>a rezar, pidiendo con insistencia a Dios el gran don de la unidad entre todos los disc\u00edpulos del Se\u00f1or<\/strong>. Que la fuerza inagotable del Esp\u00edritu Santo nos impulse a un sincero compromiso en la b\u00fasqueda de la unidad, para que profesemos todos juntos que Jes\u00fas es el salvador del mundo\u201d.<\/p>\n<p align=\"right\">Ciudad del Vaticano, 16 enero 2013 (VIS).-<\/p>\n","protected":false},"excerpt":{"rendered":"<p>Despu\u00e9s de la catequesis Benedicto XVI ha recordado que pasado ma\u00f1ana, viernes 18 de enero, comienza la Semana de oraci\u00f3n por la unidad de los cristianos cuyo tema este a\u00f1o es: \u201c\u00bfQu\u00e9 exige el Se\u00f1or de nosotros?\u201d , inspirado en un pasaje del profeta Miqueas. El Papa ha invitado a todos \u201ca rezar, pidiendo con &hellip; <a href=\"https:\/\/www.biblia.work\/sermones\/intencion-del-papa-pide-a-todos-los-cristianos-que-profesen-juntos-que-jesus-es-el-salvador\/\" class=\"more-link\">Continuar leyendo<span class=\"screen-reader-text\"> \u00abIntenci\u00f3n del Papa: pide a todos los cristianos que profesen juntos que Jes\u00fas es el salvador\u00bb<\/span><\/a><\/p>\n","protected":false},"author":1,"featured_media":0,"comment_status":"open","ping_status":"closed","sticky":false,"template":"","format":"standard","meta":{"footnotes":""},"categories":[1],"tags":[],"class_list":["post-38476","post","type-post","status-publish","format-standard","hentry","category-general"],"_links":{"self":[{"href":"https:\/\/www.biblia.work\/sermones\/wp-json\/wp\/v2\/posts\/38476","targetHints":{"allow":["GET"]}}],"collection":[{"href":"https:\/\/www.biblia.work\/sermones\/wp-json\/wp\/v2\/posts"}],"about":[{"href":"https:\/\/www.biblia.work\/sermones\/wp-json\/wp\/v2\/types\/post"}],"author":[{"embeddable":true,"href":"https:\/\/www.biblia.work\/sermones\/wp-json\/wp\/v2\/users\/1"}],"replies":[{"embeddable":true,"href":"https:\/\/www.biblia.work\/sermones\/wp-json\/wp\/v2\/comments?post=38476"}],"version-history":[{"count":0,"href":"https:\/\/www.biblia.work\/sermones\/wp-json\/wp\/v2\/posts\/38476\/revisions"}],"wp:attachment":[{"href":"https:\/\/www.biblia.work\/sermones\/wp-json\/wp\/v2\/media?parent=38476"}],"wp:term":[{"taxonomy":"category","embeddable":true,"href":"https:\/\/www.biblia.work\/sermones\/wp-json\/wp\/v2\/categories?post=38476"},{"taxonomy":"post_tag","embeddable":true,"href":"https:\/\/www.biblia.work\/sermones\/wp-json\/wp\/v2\/tags?post=38476"}],"curies":[{"name":"wp","href":"https:\/\/api.w.org\/{rel}","templated":true}]}}