{"id":38477,"date":"2016-06-21T17:56:09","date_gmt":"2016-06-21T22:56:09","guid":{"rendered":"http:\/\/www.biblia.work\/sermones\/catequesis-del-papa-benedicto-xvi-audiencia-general-miercoles-16-enero-2013-cronica-sintesis-saludos\/"},"modified":"2016-06-21T17:56:09","modified_gmt":"2016-06-21T22:56:09","slug":"catequesis-del-papa-benedicto-xvi-audiencia-general-miercoles-16-enero-2013-cronica-sintesis-saludos","status":"publish","type":"post","link":"https:\/\/www.biblia.work\/sermones\/catequesis-del-papa-benedicto-xvi-audiencia-general-miercoles-16-enero-2013-cronica-sintesis-saludos\/","title":{"rendered":"Catequesis del Papa Benedicto XVI, audiencia general, mi\u00e9rcoles 16 enero 2013: cr\u00f3nica, s\u00edntesis, saludos"},"content":{"rendered":"<p align=\"justify\">En su catequesis de la audiencia general de esta ma\u00f1ana, celebrada en el Aula Pablo VI del Vaticano, ante la presencia de varios miles de fieles y peregrinos de numerosos pa\u00edses, el Papa comenz\u00f3 recordando que el Concilio Vaticano II, en su Constituci\u00f3n dogm\u00e1tica sobre la divina Revelaci\u00f3n, <em>Dei Verbum<\/em>, afirma que la \u00edntima verdad de toda la Revelaci\u00f3n de Dios resplandece para nosotros \u00aben Cristo, que es al mismo tiempo el mediador y la plenitud de goda la Revelaci\u00f3n \u00bb (n. 2).<br \/>\nTambi\u00e9n destac\u00f3 que el Antiguo Testamento nos narra que Dios, despu\u00e9s de la creaci\u00f3n, a pesar del pecado original, de la arrogancia del hombre, de querer ocupar el lugar de su Creador, ofrece nuevamente la posibilidad de su amistad, sobre todo a trav\u00e9s de la alianza con Abraham y el camino de un peque\u00f1o pueblo, el de Israel, que \u00c9l elige, no con criterios de de poder terreno, sino sencillamente por amor. Elecci\u00f3n que permanece un misterio y que nos revela el estilo de Dios que llama a algunos, no para excluir a otros, sino para que sirvamos de puente para conducir a \u00c9l.<\/p>\n<p align=\"justify\">En su resumen de esta catequesis en nuestro idioma, el Papa dijo:<\/p>\n<p align=\"justify\"><em>Queridos hermanos y hermanas:<\/em><br \/>\n<em>La historia de la salvaci\u00f3n es la historia de la relaci\u00f3n de Dios que se revela al hombre progresivamente. Para esta obra, que inicia con la llamada de Abraham, se sirve de mediadores, como Mois\u00e9s, los profetas y los jueces, que comunican al pueblo su voluntad, recuerdan la exigencia de fidelidad a la alianza y conservan la expectaci\u00f3n plena y definitiva de las promesas divinas. Es un largo camino en el que el Se\u00f1or se deja conocer, se revela a s\u00ed mismo, entra en la historia con hechos y palabras. Con la encarnaci\u00f3n, el rostro de Dios se nos manifiesta por la revelaci\u00f3n en Cristo, que es al mismo tiempo \u00abmediador y plenitud de toda la Revelaci\u00f3n\u00bb. Jes\u00fas inaugura en la historia un nuevo modo de presencia de Dios, porque quien lo ha visto a \u00c9l ha visto al Padre; \u00e9l es \u00abel mediador\u00bb de la nueva y eterna alianza; en \u00e9l encontramos a Dios, al que podemos invocar con el nombre de \u00abAbba, Padre\u00bb y por el que nos viene dada la salvaci\u00f3n. Si queremos ver el rostro de Dios, aquel rostro que da sentido, solidez y serenidad a nuestro camino, debemos seguir a Cristo.<\/em><br \/>\n<em>Saludo a los fieles de lengua espa\u00f1ola provenientes de Espa\u00f1a y Latinoam\u00e9rica. Invito a todos a escuchar la Palabra y a participar en la Eucarist\u00eda, en donde se manifiesta especialmente el rostro de Cristo. As\u00ed crecer\u00e1 nuestro amor y podremos tambi\u00e9n reconocer al Se\u00f1or en el que sufre y en el pobre. Muchas gracias.<\/em><\/p>\n<p align=\"justify\">Al saludar a los grupos de peregrinos presentes, como es costumbre, el Papa afirm\u00f3 que reza por todas las personas de lengua \u00e1rabe.<\/p>\n<p align=\"justify\">Al dar su bienvenida a los fieles polacos, Benedicto XVI record\u00f3 que hoy dirigimos nuestros pensamientos hacia Aquel que es mediador y plenitud de la Revelaci\u00f3n divina. Porque en Jes\u00fas de Nazaret, Dios visita a su pueblo, env\u00eda a su Hijo Unig\u00e9nito que se hace hombre. Y Jes\u00fas no s\u00f3lo habla de Dios, sino que nos revela Su rostro. Por esta raz\u00f3n, fijando en \u00e9l cada d\u00eda nuestra mirada, caminamos hacia esta plenitud, en espera de que se cumpla el Reino de Dios.<\/p>\n<p align=\"justify\">En su cordial saludo a los peregrinos italianos, el Obispo de Roma se dirigi\u00f3 de modo particular a los fieles de la di\u00f3cesis de Civita Castellana, acompa\u00f1ados por su Obispo, Mons. Romano Rossi. A estos queridos amigos, el Pont\u00edfice les dese\u00f3 que el ejemplo de la Beata Cecilia Eusepi los ayude, y especialmente a los j\u00f3venes, a perseverar en la generosa adhesi\u00f3n a Cristo y en el gozoso testimonio de su Evangelio. De la misma manera, el papa salud\u00f3 a los estudiantes de Caserta, acompa\u00f1ados por su Obispo, Pietro Farina, a quienes les manifest\u00f3 su deseo de que este encuentro refuerce en cada uno la fe y el empe\u00f1o de la vida cristiana. Y salud\u00f3 con afecto a los peque\u00f1os ingresados en el Instituto nacional de la investigaci\u00f3n y cura de tumores de Mil\u00e1n, a quienes asegur\u00f3 su oraci\u00f3n, a fin de que el Se\u00f1or sostenga a cada uno con su gracia.<br \/>\nPor \u00faltimo, el Santo Padre se dirigi\u00f3 a los j\u00f3venes, enfermos y reci\u00e9n casados que participaron en esta audiencia. A todos ellos les record\u00f3 que ma\u00f1ana celebraremos la memoria lit\u00fargica de San Antonio Abad, insigne padre del monaquismo, maestro espiritual y modelo sublime de la vida cristiana. Por esta raz\u00f3n formul\u00f3 votos para que su ejemplo ayude a los queridos j\u00f3venes a seguir a Cristo sin compromisos; sostenga a los queridos enfermos en los momentos de desconsuelo y de prueba; e impulse a los reci\u00e9n casados a no descuidar la oraci\u00f3n en la vida de cada d\u00eda.<\/p>\n<p align=\"justify\">Al final de su catequesis ante la inminente Semana de Oraci\u00f3n por la unidad de los cristianos, el Papa invita a rezar con las siguientes palabras: <em>\u00a0<\/em><em>Pasado ma\u00f1ana, viernes 18 de enero, comienza la Semana de oraci\u00f3n por la unidad de los cristianos, que este a\u00f1o tiene como tema: \u00abLo que el Se\u00f1or exige de nosotros\u00bb, inspirado en un pasaje del profeta Miqueas\u00a0<\/em>(Cfr. Mi 6, 6-8).<em>\u00a0Invito a todos a orar, pidiendo con insistencia a Dios el gran dono de la unidad entre todos los disc\u00edpulos del Se\u00f1or. Que la fuerza inagotable del Esp\u00edritu Santo nos impulse a un empe\u00f1o sincero de b\u00fasqueda de la unidad, para que podamos profesar todos juntos que Jes\u00fas es el Salvador del mundo.\u00a0<\/em><\/p>\n<p align=\"justify\">(Mar\u00eda Fernanda Bernasconi \u2013 RV).<\/p>\n<p align=\"justify\">&nbsp;<\/p>\n","protected":false},"excerpt":{"rendered":"<p>En su catequesis de la audiencia general de esta ma\u00f1ana, celebrada en el Aula Pablo VI del Vaticano, ante la presencia de varios miles de fieles y peregrinos de numerosos pa\u00edses, el Papa comenz\u00f3 recordando que el Concilio Vaticano II, en su Constituci\u00f3n dogm\u00e1tica sobre la divina Revelaci\u00f3n, Dei Verbum, afirma que la \u00edntima verdad &hellip; <a href=\"https:\/\/www.biblia.work\/sermones\/catequesis-del-papa-benedicto-xvi-audiencia-general-miercoles-16-enero-2013-cronica-sintesis-saludos\/\" class=\"more-link\">Continuar leyendo<span class=\"screen-reader-text\"> \u00abCatequesis del Papa Benedicto XVI, audiencia general, mi\u00e9rcoles 16 enero 2013: cr\u00f3nica, s\u00edntesis, saludos\u00bb<\/span><\/a><\/p>\n","protected":false},"author":1,"featured_media":0,"comment_status":"open","ping_status":"closed","sticky":false,"template":"","format":"standard","meta":{"footnotes":""},"categories":[1],"tags":[],"class_list":["post-38477","post","type-post","status-publish","format-standard","hentry","category-general"],"_links":{"self":[{"href":"https:\/\/www.biblia.work\/sermones\/wp-json\/wp\/v2\/posts\/38477","targetHints":{"allow":["GET"]}}],"collection":[{"href":"https:\/\/www.biblia.work\/sermones\/wp-json\/wp\/v2\/posts"}],"about":[{"href":"https:\/\/www.biblia.work\/sermones\/wp-json\/wp\/v2\/types\/post"}],"author":[{"embeddable":true,"href":"https:\/\/www.biblia.work\/sermones\/wp-json\/wp\/v2\/users\/1"}],"replies":[{"embeddable":true,"href":"https:\/\/www.biblia.work\/sermones\/wp-json\/wp\/v2\/comments?post=38477"}],"version-history":[{"count":0,"href":"https:\/\/www.biblia.work\/sermones\/wp-json\/wp\/v2\/posts\/38477\/revisions"}],"wp:attachment":[{"href":"https:\/\/www.biblia.work\/sermones\/wp-json\/wp\/v2\/media?parent=38477"}],"wp:term":[{"taxonomy":"category","embeddable":true,"href":"https:\/\/www.biblia.work\/sermones\/wp-json\/wp\/v2\/categories?post=38477"},{"taxonomy":"post_tag","embeddable":true,"href":"https:\/\/www.biblia.work\/sermones\/wp-json\/wp\/v2\/tags?post=38477"}],"curies":[{"name":"wp","href":"https:\/\/api.w.org\/{rel}","templated":true}]}}