{"id":38479,"date":"2016-06-21T17:56:19","date_gmt":"2016-06-21T22:56:19","guid":{"rendered":"http:\/\/www.biblia.work\/sermones\/palabras-del-papa-benedicto-xvi-ante-el-comienzo-de-la-semana-de-oracion-por-la-unidad-de-los-cristianos\/"},"modified":"2016-06-21T17:56:19","modified_gmt":"2016-06-21T22:56:19","slug":"palabras-del-papa-benedicto-xvi-ante-el-comienzo-de-la-semana-de-oracion-por-la-unidad-de-los-cristianos","status":"publish","type":"post","link":"https:\/\/www.biblia.work\/sermones\/palabras-del-papa-benedicto-xvi-ante-el-comienzo-de-la-semana-de-oracion-por-la-unidad-de-los-cristianos\/","title":{"rendered":"Palabras del Papa Benedicto XVI ante el comienzo de la Semana de Oraci\u00f3n por la Unidad de los Cristianos"},"content":{"rendered":"<p align=\"justify\">Pasado ma\u00f1ana, viernes 18 de enero, comienza la Semana de oraci\u00f3n por la unidad de los cristianos, que este a\u00f1o tiene como tema: \u00abLo que el Se\u00f1or exige de nosotros\u00bb, inspirado en un pasaje del profeta Miqueas (Cfr. Mi 6, 6-8).<\/p>\n<p align=\"justify\">Invito a todos a orar, pidiendo con insistencia a Dios el gran dono de la unidad entre todos los disc\u00edpulos del Se\u00f1or. Que la fuerza inagotable del Esp\u00edritu Santo nos impulse a un empe\u00f1o sincero de b\u00fasqueda de la unidad, para que podamos profesar todos juntos que Jes\u00fas es el Salvador del mundo.<\/p>\n","protected":false},"excerpt":{"rendered":"<p>Pasado ma\u00f1ana, viernes 18 de enero, comienza la Semana de oraci\u00f3n por la unidad de los cristianos, que este a\u00f1o tiene como tema: \u00abLo que el Se\u00f1or exige de nosotros\u00bb, inspirado en un pasaje del profeta Miqueas (Cfr. Mi 6, 6-8). Invito a todos a orar, pidiendo con insistencia a Dios el gran dono de &hellip; <a href=\"https:\/\/www.biblia.work\/sermones\/palabras-del-papa-benedicto-xvi-ante-el-comienzo-de-la-semana-de-oracion-por-la-unidad-de-los-cristianos\/\" class=\"more-link\">Continuar leyendo<span class=\"screen-reader-text\"> \u00abPalabras del Papa Benedicto XVI ante el comienzo de la Semana de Oraci\u00f3n por la Unidad de los Cristianos\u00bb<\/span><\/a><\/p>\n","protected":false},"author":1,"featured_media":0,"comment_status":"open","ping_status":"closed","sticky":false,"template":"","format":"standard","meta":{"footnotes":""},"categories":[1],"tags":[],"class_list":["post-38479","post","type-post","status-publish","format-standard","hentry","category-general"],"_links":{"self":[{"href":"https:\/\/www.biblia.work\/sermones\/wp-json\/wp\/v2\/posts\/38479","targetHints":{"allow":["GET"]}}],"collection":[{"href":"https:\/\/www.biblia.work\/sermones\/wp-json\/wp\/v2\/posts"}],"about":[{"href":"https:\/\/www.biblia.work\/sermones\/wp-json\/wp\/v2\/types\/post"}],"author":[{"embeddable":true,"href":"https:\/\/www.biblia.work\/sermones\/wp-json\/wp\/v2\/users\/1"}],"replies":[{"embeddable":true,"href":"https:\/\/www.biblia.work\/sermones\/wp-json\/wp\/v2\/comments?post=38479"}],"version-history":[{"count":0,"href":"https:\/\/www.biblia.work\/sermones\/wp-json\/wp\/v2\/posts\/38479\/revisions"}],"wp:attachment":[{"href":"https:\/\/www.biblia.work\/sermones\/wp-json\/wp\/v2\/media?parent=38479"}],"wp:term":[{"taxonomy":"category","embeddable":true,"href":"https:\/\/www.biblia.work\/sermones\/wp-json\/wp\/v2\/categories?post=38479"},{"taxonomy":"post_tag","embeddable":true,"href":"https:\/\/www.biblia.work\/sermones\/wp-json\/wp\/v2\/tags?post=38479"}],"curies":[{"name":"wp","href":"https:\/\/api.w.org\/{rel}","templated":true}]}}