{"id":38480,"date":"2016-06-21T17:56:37","date_gmt":"2016-06-21T22:56:37","guid":{"rendered":"http:\/\/www.biblia.work\/sermones\/una-granja-en-la-plaza-de-san-pedro-de-vaticano-el-17-de-enero-fiesta-de-san-antonio-abad\/"},"modified":"2016-06-21T17:56:37","modified_gmt":"2016-06-21T22:56:37","slug":"una-granja-en-la-plaza-de-san-pedro-de-vaticano-el-17-de-enero-fiesta-de-san-antonio-abad","status":"publish","type":"post","link":"https:\/\/www.biblia.work\/sermones\/una-granja-en-la-plaza-de-san-pedro-de-vaticano-el-17-de-enero-fiesta-de-san-antonio-abad\/","title":{"rendered":"Una granja en la plaza de San Pedro de Vaticano, el 17 de enero, fiesta de San Antonio Abad"},"content":{"rendered":"<p align=\"justify\">El jueves, 17 de enero, festividad de San Antonio abad, protector de los animales, los ganaderos y granjeros italianos organizan en los alrededores de la Plaza de San Pedro una serie de actos para conmemorar a su santo patr\u00f3n.<\/p>\n<p align=\"justify\">La jornada se abrir\u00e1 a las 10,30 con la Santa Misa en la bas\u00edlica vaticana oficiada por el cardenal Angelo Comastri, vicario general de Su Santidad para el Estado de la Ciudad del Vaticano. A las 12,00 un desfile de caballos y caballeros recorrer\u00e1 Via della Conciliazione para ser bendecidos solemnemente. Pero, ya a partir de las 9 de la ma\u00f1ana, en la Plaza de P\u00edo XII, al lado de la columnata de Bernini habr\u00e1, vacas, cabras, conejos, ovejas, gallinas etc&#8230;. como muestra de la producci\u00f3n agropecuaria nacional.<\/p>\n<p align=\"justify\">Los miembros de la Asociaci\u00f3n agropecuaria italiana (AIA) han invitado a los propietarios de perros y gatos a llevar consigo a sus animales de compa\u00f1\u00eda, para que los veterinarios de la asociaci\u00f3n les hagan, si lo desean, un chequeo gratuito.<\/p>\n<p align=\"justify\">La tradici\u00f3n de festejar a San Antonio abad, fuertemente enraizada en el mundo campesino, est\u00e1 muy difundida en todas las comunidades agr\u00edcolas italianas y, como afirma el presidente del AIA, Nino Andena, \u201crepresenta un motivo de alegr\u00eda que queremos compartir con el resto de las personas para atestiguar el papel activo de los agricultores y ganaderos dentro de la sociedad\u201d.<\/p>\n","protected":false},"excerpt":{"rendered":"<p>El jueves, 17 de enero, festividad de San Antonio abad, protector de los animales, los ganaderos y granjeros italianos organizan en los alrededores de la Plaza de San Pedro una serie de actos para conmemorar a su santo patr\u00f3n. La jornada se abrir\u00e1 a las 10,30 con la Santa Misa en la bas\u00edlica vaticana oficiada &hellip; <a href=\"https:\/\/www.biblia.work\/sermones\/una-granja-en-la-plaza-de-san-pedro-de-vaticano-el-17-de-enero-fiesta-de-san-antonio-abad\/\" class=\"more-link\">Continuar leyendo<span class=\"screen-reader-text\"> \u00abUna granja en la plaza de San Pedro de Vaticano, el 17 de enero, fiesta de San Antonio Abad\u00bb<\/span><\/a><\/p>\n","protected":false},"author":1,"featured_media":0,"comment_status":"open","ping_status":"closed","sticky":false,"template":"","format":"standard","meta":{"footnotes":""},"categories":[1],"tags":[],"class_list":["post-38480","post","type-post","status-publish","format-standard","hentry","category-general"],"_links":{"self":[{"href":"https:\/\/www.biblia.work\/sermones\/wp-json\/wp\/v2\/posts\/38480","targetHints":{"allow":["GET"]}}],"collection":[{"href":"https:\/\/www.biblia.work\/sermones\/wp-json\/wp\/v2\/posts"}],"about":[{"href":"https:\/\/www.biblia.work\/sermones\/wp-json\/wp\/v2\/types\/post"}],"author":[{"embeddable":true,"href":"https:\/\/www.biblia.work\/sermones\/wp-json\/wp\/v2\/users\/1"}],"replies":[{"embeddable":true,"href":"https:\/\/www.biblia.work\/sermones\/wp-json\/wp\/v2\/comments?post=38480"}],"version-history":[{"count":0,"href":"https:\/\/www.biblia.work\/sermones\/wp-json\/wp\/v2\/posts\/38480\/revisions"}],"wp:attachment":[{"href":"https:\/\/www.biblia.work\/sermones\/wp-json\/wp\/v2\/media?parent=38480"}],"wp:term":[{"taxonomy":"category","embeddable":true,"href":"https:\/\/www.biblia.work\/sermones\/wp-json\/wp\/v2\/categories?post=38480"},{"taxonomy":"post_tag","embeddable":true,"href":"https:\/\/www.biblia.work\/sermones\/wp-json\/wp\/v2\/tags?post=38480"}],"curies":[{"name":"wp","href":"https:\/\/api.w.org\/{rel}","templated":true}]}}