{"id":38481,"date":"2016-06-21T17:56:42","date_gmt":"2016-06-21T22:56:42","guid":{"rendered":"http:\/\/www.biblia.work\/sermones\/benedicto-xvi-recibe-al-cuerpo-de-la-gendarmeria-y-de-los-bomberos-del-vaticano\/"},"modified":"2016-06-21T17:56:42","modified_gmt":"2016-06-21T22:56:42","slug":"benedicto-xvi-recibe-al-cuerpo-de-la-gendarmeria-y-de-los-bomberos-del-vaticano","status":"publish","type":"post","link":"https:\/\/www.biblia.work\/sermones\/benedicto-xvi-recibe-al-cuerpo-de-la-gendarmeria-y-de-los-bomberos-del-vaticano\/","title":{"rendered":"Benedicto XVI recibe al cuerpo de la gendarmer\u00eda y de los bomberos del Vaticano"},"content":{"rendered":"<p align=\"justify\">El Santo Padre recibi\u00f3 el s\u00e1bado 12 de enero en audiencia en la Sala Clementina al <strong>Cuerpo de la Gendarmer\u00eda y al Cuerpo de Bomberos del Estado de la Ciudad del Vaticano<\/strong>. Despu\u00e9s del saludo a cargo del Director de la Direcci\u00f3n de los Servicios de Seguridad y Protecci\u00f3n Civil, <strong>Domenico Giani<\/strong>, Benedicto XVI pronunci\u00f3 un breve discurso.<\/p>\n<p align=\"justify\">\u201cEsta ocasi\u00f3n -ha dicho el Papa- me brinda la oportunidad de expresaros (&#8230;) mi estima, mi vivo aliento y, sobre todo, mi profundo agradecimiento por el generoso trabajo que desempe\u00f1\u00e1is con discreci\u00f3n, competencia y eficiencia y, no sin sacrificio. Casi cada d\u00eda me encuentro con alguno de vosotros en los diversos puestos de servicio y constato personalmente vuestra profesionalidad a la hora de colaborar y garantizar la vigilancia del Papa, como tambi\u00e9n el orden y la seguridad necesarios para cuantos residen en este Estado o de los que toman parte en las ceremonias y encuentros que tienen lugar en el Vaticano\u201d.<\/p>\n<p align=\"justify\">El Cuerpo de la Gendarmer\u00eda, ha recordado el pont\u00edfice, est\u00e1 llamado a desempe\u00f1ar entre sus diversas tareas la de \u201cacoger con cortes\u00eda y amabilidad a los peregrinos y visitantes del Vaticano que llegan desde Roma, desde Italia y desde todos los rincones del mundo. Esta obra de vigilancia y de control, que desempe\u00f1\u00e1is con diligencia y solicitud, es ciertamente considerable y delicada; requiere, a veces, no poca paciencia, perseverancia y disponibilidad a la escucha. Se trata de un servicio muy \u00fatil para el tranquilo y seguro desarrollo de la vida cotidiana y de las manifestaciones religiosas del Vaticano\u201d.<\/p>\n<p align=\"justify\">El Papa ha exhortado a los gendarmes y bomberos a ver en cada peregrino y en cada visitante \u201c el rostro de un hermano que Dios ha puesto en vuestro camino\u201d y, por lo tanto a \u201cacogerlo con gentileza, sintiendo que es parte de la gran familia humana\u201d. \u201cVuestra actividad &#8211; ha subrayado- ser\u00e1 tanto m\u00e1s eficaz para la Santa Sede y enriquecedora para vosotros, cuanto m\u00e1s se desenvuelva en un contexto de serenidad y armon\u00eda. Para ello es necesario que los gendarmes que garantizan desde hace mucho tiempo su servicio dentro del Cuerpo y los responsables del mando, favorezcan, cada vez m\u00e1s, relaciones de confianza que puedan sostener y alentar a todos los miembros de la Gendarmer\u00eda Vaticana, incluso en los momentos dif\u00edciles\u201d.<\/p>\n<p align=\"justify\">\u201cVuestra presencia peculiar en el coraz\u00f3n de la cristiandad, donde muchedumbres y fieles acuden constantemente para encontrar al sucesor de Pedro y para visitar las tumbas de los ap\u00f3stoles, suscite siempre en cada uno de vosotros, el prop\u00f3sito de intensificar la dimensi\u00f3n espiritual de la vida, as\u00ed como el compromiso de profundizar vuestra fe cristiana, atestigu\u00e1ndola valerosamente en todos los ambientes con la coherencia de la vida\u201d, han sido las palabras del Santo Padre.<\/p>\n<p align=\"justify\">&nbsp;<\/p>\n<p align=\"justify\">Ciudad del Vaticano, 11 de enero de 2013 (VIS).-<\/p>\n","protected":false},"excerpt":{"rendered":"<p>El Santo Padre recibi\u00f3 el s\u00e1bado 12 de enero en audiencia en la Sala Clementina al Cuerpo de la Gendarmer\u00eda y al Cuerpo de Bomberos del Estado de la Ciudad del Vaticano. Despu\u00e9s del saludo a cargo del Director de la Direcci\u00f3n de los Servicios de Seguridad y Protecci\u00f3n Civil, Domenico Giani, Benedicto XVI pronunci\u00f3 &hellip; <a href=\"https:\/\/www.biblia.work\/sermones\/benedicto-xvi-recibe-al-cuerpo-de-la-gendarmeria-y-de-los-bomberos-del-vaticano\/\" class=\"more-link\">Continuar leyendo<span class=\"screen-reader-text\"> \u00abBenedicto XVI recibe al cuerpo de la gendarmer\u00eda y de los bomberos del Vaticano\u00bb<\/span><\/a><\/p>\n","protected":false},"author":1,"featured_media":0,"comment_status":"open","ping_status":"closed","sticky":false,"template":"","format":"standard","meta":{"footnotes":""},"categories":[1],"tags":[],"class_list":["post-38481","post","type-post","status-publish","format-standard","hentry","category-general"],"_links":{"self":[{"href":"https:\/\/www.biblia.work\/sermones\/wp-json\/wp\/v2\/posts\/38481","targetHints":{"allow":["GET"]}}],"collection":[{"href":"https:\/\/www.biblia.work\/sermones\/wp-json\/wp\/v2\/posts"}],"about":[{"href":"https:\/\/www.biblia.work\/sermones\/wp-json\/wp\/v2\/types\/post"}],"author":[{"embeddable":true,"href":"https:\/\/www.biblia.work\/sermones\/wp-json\/wp\/v2\/users\/1"}],"replies":[{"embeddable":true,"href":"https:\/\/www.biblia.work\/sermones\/wp-json\/wp\/v2\/comments?post=38481"}],"version-history":[{"count":0,"href":"https:\/\/www.biblia.work\/sermones\/wp-json\/wp\/v2\/posts\/38481\/revisions"}],"wp:attachment":[{"href":"https:\/\/www.biblia.work\/sermones\/wp-json\/wp\/v2\/media?parent=38481"}],"wp:term":[{"taxonomy":"category","embeddable":true,"href":"https:\/\/www.biblia.work\/sermones\/wp-json\/wp\/v2\/categories?post=38481"},{"taxonomy":"post_tag","embeddable":true,"href":"https:\/\/www.biblia.work\/sermones\/wp-json\/wp\/v2\/tags?post=38481"}],"curies":[{"name":"wp","href":"https:\/\/api.w.org\/{rel}","templated":true}]}}