{"id":38482,"date":"2016-06-21T17:56:48","date_gmt":"2016-06-21T22:56:48","guid":{"rendered":"http:\/\/www.biblia.work\/sermones\/inauguracion-del-lxxxiv-ano-judicial-del-tribunal-del-estado-de-la-ciudad-del-vaticano\/"},"modified":"2016-06-21T17:56:48","modified_gmt":"2016-06-21T22:56:48","slug":"inauguracion-del-lxxxiv-ano-judicial-del-tribunal-del-estado-de-la-ciudad-del-vaticano","status":"publish","type":"post","link":"https:\/\/www.biblia.work\/sermones\/inauguracion-del-lxxxiv-ano-judicial-del-tribunal-del-estado-de-la-ciudad-del-vaticano\/","title":{"rendered":"Inauguraci\u00f3n del LXXXIV A\u00f1o Judicial del Tribunal del Estado de la Ciudad del Vaticano"},"content":{"rendered":"<p align=\"justify\"><em>Cardenal Bertone: Sabiduria divina para la delicada y grave tarea de la administraci\u00f3n de justicia<\/em><\/p>\n<p align=\"justify\">El <strong>cardenal Tarcisio Bertone<\/strong>, Secretario de Estado, ha celebrado esta ma\u00f1ana en la Capilla de Mar\u00eda, Madre de la Familia, en el palacio de la Gobernaci\u00f3n, la Santa <strong>Misa para la inauguraci\u00f3n del LXXXIV A\u00f1o Judicial del Tribunal del Estado de la Ciudad del Vaticano.<\/strong><\/p>\n<p align=\"justify\">\u201cQueremos -ha dicho el cardenal- invocar la sabidur\u00eda divina en la delicada y grave tarea de la administraci\u00f3n de justicia\u201d. Despu\u00e9s ha saludado, entre otros al presidente del Tribunal, Giuseppe Dalla Torre, a los jueces, al Promotor de Justicia y a los diversos colaboradores de la Canciller\u00eda, transmiti\u00e9ndoles \u201cla bendici\u00f3n del Santo Padre que sigue con atenta solicitud vuestro apreciado trabajo\u201d.<\/p>\n<p align=\"justify\">Comentando el evangelio, centrado en San Juan Bautista, el Secretario de Estado, ha subrayado que el ejemplo y el testimonio de ese profeta son \u201cun aldabonazo a los creyentes para que dejen de lado el protagonismo, las ganas de aparecer, y a disminuir el propio &#8216;yo&#8217; para que crezca en cada uno de nosotros y en los dem\u00e1s el amor a Jes\u00fas: \u00c9l es el camino, la verdad y la vida. Esta actitud requiere la humildad del coraz\u00f3n: un don de Dios que hay que suplicar constantemente cuando rezamos. Por eso el ap\u00f3stol Juan, como hemos escuchado en la primera lectura (&#8230;) recomienda una oraci\u00f3n confiada al Padre, que no dejar\u00e1 de cumplirla, si la persona que pide, est\u00e1 dispuesta a hacer su voluntad. Tambi\u00e9n nos llama a orar por nuestros hermanos y hermanas, a menos que se obstinen en el mal, y por tanto rechacen la conversi\u00f3n. La oraci\u00f3n mutua adquiere el valor de un acto de caridad exquisita. Tambi\u00e9n san Pablo recomienda varias veces que recemos unos por otros, y Jes\u00fas ora para que Pedro, una vez arrepentido, confirme en la fe a los otros ap\u00f3stoles\u201d.<\/p>\n<p align=\"justify\">\u201cEn esta Misa &#8211; ha finalizado el cardenal- dirigimos nuestra oraci\u00f3n com\u00fan al Se\u00f1or, para que cada uno pueda cumplir con humildad y en la verdad su servicio en la administraci\u00f3n de justicia en favor de nuestra peculiar comunidad del Estado de la Ciudad del Vaticano. Deseo a todos aquellos que participan en la inauguraci\u00f3n del a\u00f1o judicial, que sean cada vez m\u00e1s conscientes de que la armon\u00eda, la justicia y la paz no se alcanzan completamente sin la adhesi\u00f3n a Dios y la aceptaci\u00f3n de su gracia. Tambi\u00e9n se aplica a cada uno de nosotros la invitaci\u00f3n a una apertura consciente a lo trascendente que el Santo Padre ha dirigido hace pocos d\u00edas a los miembros del Cuerpo Diplom\u00e1tico acreditado ante la Santa Sede, sin la cual, &#8216;el hombre cae f\u00e1cilmente presa del relativismo, result\u00e1ndole dif\u00edcil actuar de acuerdo con la justicia y trabajar por la paz&#8217;\u201d.<\/p>\n<p align=\"justify\">&nbsp;<\/p>\n<p align=\"right\">Ciudad del Vaticano, 12 enero 2013 (VIS).-<\/p>\n","protected":false},"excerpt":{"rendered":"<p>Cardenal Bertone: Sabiduria divina para la delicada y grave tarea de la administraci\u00f3n de justicia El cardenal Tarcisio Bertone, Secretario de Estado, ha celebrado esta ma\u00f1ana en la Capilla de Mar\u00eda, Madre de la Familia, en el palacio de la Gobernaci\u00f3n, la Santa Misa para la inauguraci\u00f3n del LXXXIV A\u00f1o Judicial del Tribunal del Estado &hellip; <a href=\"https:\/\/www.biblia.work\/sermones\/inauguracion-del-lxxxiv-ano-judicial-del-tribunal-del-estado-de-la-ciudad-del-vaticano\/\" class=\"more-link\">Continuar leyendo<span class=\"screen-reader-text\"> \u00abInauguraci\u00f3n del LXXXIV A\u00f1o Judicial del Tribunal del Estado de la Ciudad del Vaticano\u00bb<\/span><\/a><\/p>\n","protected":false},"author":1,"featured_media":0,"comment_status":"open","ping_status":"closed","sticky":false,"template":"","format":"standard","meta":{"footnotes":""},"categories":[1],"tags":[],"class_list":["post-38482","post","type-post","status-publish","format-standard","hentry","category-general"],"_links":{"self":[{"href":"https:\/\/www.biblia.work\/sermones\/wp-json\/wp\/v2\/posts\/38482","targetHints":{"allow":["GET"]}}],"collection":[{"href":"https:\/\/www.biblia.work\/sermones\/wp-json\/wp\/v2\/posts"}],"about":[{"href":"https:\/\/www.biblia.work\/sermones\/wp-json\/wp\/v2\/types\/post"}],"author":[{"embeddable":true,"href":"https:\/\/www.biblia.work\/sermones\/wp-json\/wp\/v2\/users\/1"}],"replies":[{"embeddable":true,"href":"https:\/\/www.biblia.work\/sermones\/wp-json\/wp\/v2\/comments?post=38482"}],"version-history":[{"count":0,"href":"https:\/\/www.biblia.work\/sermones\/wp-json\/wp\/v2\/posts\/38482\/revisions"}],"wp:attachment":[{"href":"https:\/\/www.biblia.work\/sermones\/wp-json\/wp\/v2\/media?parent=38482"}],"wp:term":[{"taxonomy":"category","embeddable":true,"href":"https:\/\/www.biblia.work\/sermones\/wp-json\/wp\/v2\/categories?post=38482"},{"taxonomy":"post_tag","embeddable":true,"href":"https:\/\/www.biblia.work\/sermones\/wp-json\/wp\/v2\/tags?post=38482"}],"curies":[{"name":"wp","href":"https:\/\/api.w.org\/{rel}","templated":true}]}}