{"id":38483,"date":"2016-06-21T17:56:52","date_gmt":"2016-06-21T22:56:52","guid":{"rendered":"http:\/\/www.biblia.work\/sermones\/benedicto-xvi-elogia-la-labor-de-la-inspeccion-de-seguridad-publica-vaticana\/"},"modified":"2016-06-21T17:56:52","modified_gmt":"2016-06-21T22:56:52","slug":"benedicto-xvi-elogia-la-labor-de-la-inspeccion-de-seguridad-publica-vaticana","status":"publish","type":"post","link":"https:\/\/www.biblia.work\/sermones\/benedicto-xvi-elogia-la-labor-de-la-inspeccion-de-seguridad-publica-vaticana\/","title":{"rendered":"Benedicto XVI elogia la labor de la Inspecci\u00f3n de Seguridad Publica Vaticana"},"content":{"rendered":"<p align=\"justify\">El <strong>Santo Padre ha recibido<\/strong> esta ma\u00f1ana a los <strong>miembros de la Inspecci\u00f3n General de Seguridad P\u00fablica en el Vaticano<\/strong> para el tradicional intercambio de felicitaciones por el nuevo a\u00f1o. En el discurso que les ha dirigido ha subrayado la <strong>dedicaci\u00f3n y profesionalidad con la que desempe\u00f1an su tarea especialmente durante las manifestaciones de fieles y peregrinos<\/strong> que \u201cllegan de todo el mundo para encontrar al sucesor de Pedro y visitar la tumba del Pr\u00edncipe de los Ap\u00f3stoles, as\u00ed como para rezar en las de mis venerados antecesores, en particular del <strong>beato Juan Pablo II<\/strong>\u201d.<\/p>\n<p align=\"justify\">El Papa ha recordado que la tarea de los miembros de la Inspecci\u00f3n se extiende tambi\u00e9n a sus visitas pastorales y sus viajes apost\u00f3licos en Italia y les ha agradecido \u201cla forma y el esp\u00edritu que animan vuestro servicio, vigilante y calificado. Un estile que, al mismo tiempo que hace honor a vuestra identidad de funcionarios del Estado italiano y de miembros de la Iglesia, atestigua las buenas relaciones entre Italia y la Sede Apost\u00f3lica\u201d. Tambi\u00e9n ha manifestado el deseo de que ese trabajo, no exento de sacrificios y peligros, est\u00e9 siempre animado por \u201cuna s\u00f3lida fe cristiana que es, indudablemente, el m\u00e1s apreciado tesoro y valor espiritual que os han confiado vuestras familias y que est\u00e1is llamados a transmitir a vuestros hijos. El A\u00f1o de la Fe que est\u00e1 viviendo la Iglesia entera, tambi\u00e9n es para vosotros una oportunidad de retornar al mensaje del evangelio para que entre de forma m\u00e1s profunda en vuestras conciencias y en la vida diaria, atestiguando con valor el amor de Dios en todos los ambientes, tambi\u00e9n en el de vuestro trabajo\u201d.<\/p>\n<p align=\"justify\">\u201cQue vuestra presencia sea -ha finalizado- una garant\u00eda cada vez m\u00e1s v\u00e1lida de ese buen orden y de esa tranquilidad que son fundamentales para construir una vida social pac\u00edfica y compuesta y que, adem\u00e1s de ser ense\u00f1adas por el mensaje evang\u00e9lico, son un signo de civilizaci\u00f3n aut\u00e9ntica\u201d.<\/p>\n<p align=\"justify\">&nbsp;<\/p>\n<p align=\"justify\">Ciudad del Vaticano, 14 enero 2013 (VIS).-<\/p>\n","protected":false},"excerpt":{"rendered":"<p>El Santo Padre ha recibido esta ma\u00f1ana a los miembros de la Inspecci\u00f3n General de Seguridad P\u00fablica en el Vaticano para el tradicional intercambio de felicitaciones por el nuevo a\u00f1o. En el discurso que les ha dirigido ha subrayado la dedicaci\u00f3n y profesionalidad con la que desempe\u00f1an su tarea especialmente durante las manifestaciones de fieles &hellip; <a href=\"https:\/\/www.biblia.work\/sermones\/benedicto-xvi-elogia-la-labor-de-la-inspeccion-de-seguridad-publica-vaticana\/\" class=\"more-link\">Continuar leyendo<span class=\"screen-reader-text\"> \u00abBenedicto XVI elogia la labor de la Inspecci\u00f3n de Seguridad Publica Vaticana\u00bb<\/span><\/a><\/p>\n","protected":false},"author":1,"featured_media":0,"comment_status":"open","ping_status":"closed","sticky":false,"template":"","format":"standard","meta":{"footnotes":""},"categories":[1],"tags":[],"class_list":["post-38483","post","type-post","status-publish","format-standard","hentry","category-general"],"_links":{"self":[{"href":"https:\/\/www.biblia.work\/sermones\/wp-json\/wp\/v2\/posts\/38483","targetHints":{"allow":["GET"]}}],"collection":[{"href":"https:\/\/www.biblia.work\/sermones\/wp-json\/wp\/v2\/posts"}],"about":[{"href":"https:\/\/www.biblia.work\/sermones\/wp-json\/wp\/v2\/types\/post"}],"author":[{"embeddable":true,"href":"https:\/\/www.biblia.work\/sermones\/wp-json\/wp\/v2\/users\/1"}],"replies":[{"embeddable":true,"href":"https:\/\/www.biblia.work\/sermones\/wp-json\/wp\/v2\/comments?post=38483"}],"version-history":[{"count":0,"href":"https:\/\/www.biblia.work\/sermones\/wp-json\/wp\/v2\/posts\/38483\/revisions"}],"wp:attachment":[{"href":"https:\/\/www.biblia.work\/sermones\/wp-json\/wp\/v2\/media?parent=38483"}],"wp:term":[{"taxonomy":"category","embeddable":true,"href":"https:\/\/www.biblia.work\/sermones\/wp-json\/wp\/v2\/categories?post=38483"},{"taxonomy":"post_tag","embeddable":true,"href":"https:\/\/www.biblia.work\/sermones\/wp-json\/wp\/v2\/tags?post=38483"}],"curies":[{"name":"wp","href":"https:\/\/api.w.org\/{rel}","templated":true}]}}