{"id":38484,"date":"2016-06-21T17:56:58","date_gmt":"2016-06-21T22:56:58","guid":{"rendered":"http:\/\/www.biblia.work\/sermones\/ya-19-tuits-del-papa-benedicto-xvi-en-su-cuenta-en-tiwitter-relacion-completa\/"},"modified":"2016-06-21T17:56:58","modified_gmt":"2016-06-21T22:56:58","slug":"ya-19-tuits-del-papa-benedicto-xvi-en-su-cuenta-en-tiwitter-relacion-completa","status":"publish","type":"post","link":"https:\/\/www.biblia.work\/sermones\/ya-19-tuits-del-papa-benedicto-xvi-en-su-cuenta-en-tiwitter-relacion-completa\/","title":{"rendered":"Ya 19 tuits del Papa Benedicto XVI en su cuenta en tiwitter: relaci\u00f3n completa"},"content":{"rendered":"<p align=\"justify\">1.- Queridos amigos, me uno a vosotros con alegr\u00eda por medio de Twitter. Gracias por vuestra respuesta generosa. Os bendigo a todos de coraz\u00f3n. (12-11-2012)<\/p>\n<p align=\"justify\">2.- Respuesta del Papa a la pregunta \u00bfC\u00f3mo podemos vivir mejor el A\u00f1o de la Fe en nuestro d\u00eda a d\u00eda?: Dialoga con Jes\u00fas en la oraci\u00f3n, escucha a Jes\u00fas que te habla en el Evangelio, encuentra a Jes\u00fas, presente en el necesitado. (12-12-2012)<\/p>\n<p align=\"justify\">3.- Respuesta del Papa a la pregunta \u00bfC\u00f3mo vivir la fe en Jesucristo en un mundo sin esperanza?: Con la certeza de que, quien cree, nunca est\u00e1 solo. Dios es la roca segura sobre la que construir la vida, y su amor es siempre fiel. (12-12-2012)<\/p>\n<p align=\"justify\">4.-\u00a0 Respuesta del Papa a la pregunta \u00bfQu\u00e9 nos aconseja para rezar m\u00e1s en medio de nuestras obligaciones profesionales, familiares y sociales?: Ofrece al Se\u00f1or todo lo que haces, pide su ayuda en todas las circunstancias de la vida diaria, y recuerda que \u00e9l est\u00e1 siempre a tu lado. (12-12-2012)<\/p>\n<p align=\"justify\">5.- En nuestro camino de fe hay momentos de luz y de oscuridad. Si quieres caminar siempre en la luz, d\u00e9jate guiar por la Palabra de Dios. (19-12-2012)<\/p>\n<p align=\"justify\">6.- Mar\u00eda recibe con gozo el anuncio de que ser\u00e1 madre de Jes\u00fas, el Hijo de Dios hecho hombre. La aut\u00e9ntica alegr\u00eda nace de la uni\u00f3n con Dios. (19-12-2012)<\/p>\n<p align=\"justify\">7.- Cuando niegas a Dios, niegas la dignidad humana. Quien defiende a Dios, est\u00e1 defendiendo al hombre. (21-12-2012)<\/p>\n<p align=\"justify\">8.- Nosotros no poseemos la verdad, es la Verdad quien nos posee a nosotros. Cristo, que es la Verdad, nos toma de la mano. (21-12-2012)<\/p>\n<p align=\"justify\">9.- Al finalizar este a\u00f1o, pidamos por la Iglesia, para que, no obstante sus limitaciones, se afiance cada vez m\u00e1s como morada de Dios. (21-12-2012).<\/p>\n<p align=\"justify\">10- Respuesta del Papa a la pregunta: \u00bfQu\u00e9 tradici\u00f3n familiar navide\u00f1a de su ni\u00f1ez recuerda todav\u00eda? Poner juntos el Nacimiento en mi casa, que tanto nos gustaba. Cada a\u00f1o a\u00f1ad\u00edamos figuras nuevas y us\u00e1bamos musgo para decorarlo. (24-12-2012)<\/p>\n<p align=\"justify\">11.- Que el Se\u00f1or os bendiga y os proteja en el nuevo a\u00f1o. (1-1-2013)<\/p>\n<p align=\"justify\">&nbsp;<\/p>\n<p align=\"justify\">12.- Cuando nos abandonamos totalmente en el Se\u00f1or, todo cambia. Somos hijos de un Padre que nos ama y nunca nos abandona. (2-1-2013)<\/p>\n<p align=\"justify\">13.- Los sabios siguieron la estrella y encontraron a Jes\u00fas, la gran luz que ilumina a toda la humanidad. (6-1-2013)<\/p>\n<p align=\"justify\">14.- Defendamos el derecho a la objeci\u00f3n de conciencia de los individuos y las instituciones, promoviendo la libertad y el respeto de todos. (7-1-2013)<\/p>\n<p align=\"justify\">15.- Los nigerianos ocupan un lugar especial en mi coraz\u00f3n; muchos de ellos han sido v\u00edctimas de una violencia absurda en los \u00faltimos meses. (7-1-2013)<\/p>\n<p align=\"justify\">16.- Os pido que os un\u00e1is a mi oraci\u00f3n por Siria, para que el di\u00e1logo constructivo sustituya a la terrible violencia. (7-1-2013)<\/p>\n<p align=\"justify\">17.- Siguiendo el ejemplo de Cristo, aprendamos a darnos totalmente a nosotros mismos. Quien no es capaz de darse a s\u00ed mismo, da muy poco. (9-1-2013)<\/p>\n<p align=\"justify\">18.- Que todo cristiano, en este A\u00f1o de la fe, descubra la belleza de haber renacido al amor de Dios y de vivir como verdadero hijo suyo. (13-1-2013)<\/p>\n<p align=\"justify\">19.- \u00bfQu\u00e9 es lo que ocurre en el Bautismo? Nos unimos a Jes\u00fas para siempre, y renacemos a una vida nueva. (13-1-2013)<\/p>\n","protected":false},"excerpt":{"rendered":"<p>1.- Queridos amigos, me uno a vosotros con alegr\u00eda por medio de Twitter. Gracias por vuestra respuesta generosa. Os bendigo a todos de coraz\u00f3n. (12-11-2012) 2.- Respuesta del Papa a la pregunta \u00bfC\u00f3mo podemos vivir mejor el A\u00f1o de la Fe en nuestro d\u00eda a d\u00eda?: Dialoga con Jes\u00fas en la oraci\u00f3n, escucha a Jes\u00fas &hellip; <a href=\"https:\/\/www.biblia.work\/sermones\/ya-19-tuits-del-papa-benedicto-xvi-en-su-cuenta-en-tiwitter-relacion-completa\/\" class=\"more-link\">Continuar leyendo<span class=\"screen-reader-text\"> \u00abYa 19 tuits del Papa Benedicto XVI en su cuenta en tiwitter: relaci\u00f3n completa\u00bb<\/span><\/a><\/p>\n","protected":false},"author":1,"featured_media":0,"comment_status":"open","ping_status":"closed","sticky":false,"template":"","format":"standard","meta":{"footnotes":""},"categories":[1],"tags":[],"class_list":["post-38484","post","type-post","status-publish","format-standard","hentry","category-general"],"_links":{"self":[{"href":"https:\/\/www.biblia.work\/sermones\/wp-json\/wp\/v2\/posts\/38484","targetHints":{"allow":["GET"]}}],"collection":[{"href":"https:\/\/www.biblia.work\/sermones\/wp-json\/wp\/v2\/posts"}],"about":[{"href":"https:\/\/www.biblia.work\/sermones\/wp-json\/wp\/v2\/types\/post"}],"author":[{"embeddable":true,"href":"https:\/\/www.biblia.work\/sermones\/wp-json\/wp\/v2\/users\/1"}],"replies":[{"embeddable":true,"href":"https:\/\/www.biblia.work\/sermones\/wp-json\/wp\/v2\/comments?post=38484"}],"version-history":[{"count":0,"href":"https:\/\/www.biblia.work\/sermones\/wp-json\/wp\/v2\/posts\/38484\/revisions"}],"wp:attachment":[{"href":"https:\/\/www.biblia.work\/sermones\/wp-json\/wp\/v2\/media?parent=38484"}],"wp:term":[{"taxonomy":"category","embeddable":true,"href":"https:\/\/www.biblia.work\/sermones\/wp-json\/wp\/v2\/categories?post=38484"},{"taxonomy":"post_tag","embeddable":true,"href":"https:\/\/www.biblia.work\/sermones\/wp-json\/wp\/v2\/tags?post=38484"}],"curies":[{"name":"wp","href":"https:\/\/api.w.org\/{rel}","templated":true}]}}