{"id":38486,"date":"2016-06-21T17:57:17","date_gmt":"2016-06-21T22:57:17","guid":{"rendered":"http:\/\/www.biblia.work\/sermones\/nuevo-mensaje-del-papa-benedicto-xvi-a-cuba\/"},"modified":"2016-06-21T17:57:17","modified_gmt":"2016-06-21T22:57:17","slug":"nuevo-mensaje-del-papa-benedicto-xvi-a-cuba","status":"publish","type":"post","link":"https:\/\/www.biblia.work\/sermones\/nuevo-mensaje-del-papa-benedicto-xvi-a-cuba\/","title":{"rendered":"Nuevo mensaje del Papa Benedicto XVI a Cuba"},"content":{"rendered":"<p align=\"justify\">El\u00a0viernes pasado, 11 de enero, y en el marco de la clausura del A\u00f1o Jubilar de la Virgen de la Caridad del Cobre e inicio del A\u00f1o de la Fe, en la Bas\u00edlica Santuario Nacional de Nuestra Se\u00f1ora de la Caridad del Cobre, Mons. Bruno Mussar\u00f3, Nuncio Apost\u00f3lico en Cuba, procedi\u00f3 dando lectura al mensaje que Su Santidad Benedicto XVI envi\u00f3 para esta importante ocasi\u00f3n.<\/p>\n<p align=\"justify\">Firma el mensaje \u00a0su Secretario de Estado, y va dirigido a Mons. Dionisio Guillermo Garc\u00eda Ib\u00e1\u00f1ez, Arzobispo de Santiago de Cuba y Presidente de la Conferencia de Obispos Cat\u00f3licos. En su mensaje el Sucesor de Pedro, alienta al pueblo de Cuba y ruega para que el inquebrantable ejemplo de fidelidad de la Madre de Dios los conforte y fortalezca para ir al encuentro personal con Cristo a trav\u00e9s de los sacramentos, la oraci\u00f3n y las obras de caridad.<br \/>\n<strong>Texto mensaje:<\/strong><\/p>\n<p align=\"justify\">Viernes, 11 de Enero de 2013 16:49<\/p>\n<p align=\"justify\">Excmo. Mons. Dionisio Guillermo Garc\u00eda Ib\u00e1\u00f1ez<\/p>\n<p align=\"justify\">Arzobispo de Santiago de Cuba y Presidente de la Conferencia de Obispos Cat\u00f3licos de Cuba<\/p>\n<p align=\"justify\">El Papa Benedicto XVI saluda con afecto a los prelados, presb\u00edteros, di\u00e1conos, religiosos, religiosas y fieles laicos, reunidos en el Santuario de la Virgen de la Caridad del Cobre para dar gracias a Dios con ocasi\u00f3n de la clausura del A\u00f1o Jubilar Mariano, convocado en el cuatrocientos aniversario del hallazgo y presencia de su venerada imagen en esas amadas tierras.<\/p>\n<p align=\"justify\">Su santidad, recordando con afecto su propia peregrinaci\u00f3n a aquella casa de la Virgen Mar\u00eda, los alienta para que con la fuerza de los dones recibidos a lo largo de este tiempo, contin\u00faen perseverando con vigor en la fe, renueven constantemente los compromisos cristianos y den nuevo impulso a las tareas evangelizadoras. Asimismo ruega para que el inquebrantable ejemplo de fidelidad de la Madre de Dios los conforte y fortalezca para ir al encuentro personal con Cristo a trav\u00e9s de los sacramentos, la oraci\u00f3n y las obras de caridad.<\/p>\n<p align=\"justify\">Con estos deseos, e invocando sobre todos los queridos hijos de Cuba la protecci\u00f3n maternal de Nuestra Se\u00f1ora de la Caridad, el Santo Padre les imparte de coraz\u00f3n la implorada bendici\u00f3n apost\u00f3lica.<\/p>\n<p align=\"justify\">Cardenal Tarcisio Bertone, Secretario de Estado de Su Santidad<br \/>\n<strong>FUENTE:<\/strong>\u00a0Conferencia de Obispos Cat\u00f3licos de Cuba<\/p>\n","protected":false},"excerpt":{"rendered":"<p>El\u00a0viernes pasado, 11 de enero, y en el marco de la clausura del A\u00f1o Jubilar de la Virgen de la Caridad del Cobre e inicio del A\u00f1o de la Fe, en la Bas\u00edlica Santuario Nacional de Nuestra Se\u00f1ora de la Caridad del Cobre, Mons. Bruno Mussar\u00f3, Nuncio Apost\u00f3lico en Cuba, procedi\u00f3 dando lectura al mensaje &hellip; <a href=\"https:\/\/www.biblia.work\/sermones\/nuevo-mensaje-del-papa-benedicto-xvi-a-cuba\/\" class=\"more-link\">Continuar leyendo<span class=\"screen-reader-text\"> \u00abNuevo mensaje del Papa Benedicto XVI a Cuba\u00bb<\/span><\/a><\/p>\n","protected":false},"author":1,"featured_media":0,"comment_status":"open","ping_status":"closed","sticky":false,"template":"","format":"standard","meta":{"footnotes":""},"categories":[1],"tags":[],"class_list":["post-38486","post","type-post","status-publish","format-standard","hentry","category-general"],"_links":{"self":[{"href":"https:\/\/www.biblia.work\/sermones\/wp-json\/wp\/v2\/posts\/38486","targetHints":{"allow":["GET"]}}],"collection":[{"href":"https:\/\/www.biblia.work\/sermones\/wp-json\/wp\/v2\/posts"}],"about":[{"href":"https:\/\/www.biblia.work\/sermones\/wp-json\/wp\/v2\/types\/post"}],"author":[{"embeddable":true,"href":"https:\/\/www.biblia.work\/sermones\/wp-json\/wp\/v2\/users\/1"}],"replies":[{"embeddable":true,"href":"https:\/\/www.biblia.work\/sermones\/wp-json\/wp\/v2\/comments?post=38486"}],"version-history":[{"count":0,"href":"https:\/\/www.biblia.work\/sermones\/wp-json\/wp\/v2\/posts\/38486\/revisions"}],"wp:attachment":[{"href":"https:\/\/www.biblia.work\/sermones\/wp-json\/wp\/v2\/media?parent=38486"}],"wp:term":[{"taxonomy":"category","embeddable":true,"href":"https:\/\/www.biblia.work\/sermones\/wp-json\/wp\/v2\/categories?post=38486"},{"taxonomy":"post_tag","embeddable":true,"href":"https:\/\/www.biblia.work\/sermones\/wp-json\/wp\/v2\/tags?post=38486"}],"curies":[{"name":"wp","href":"https:\/\/api.w.org\/{rel}","templated":true}]}}