{"id":38489,"date":"2016-06-21T17:57:28","date_gmt":"2016-06-21T22:57:28","guid":{"rendered":"http:\/\/www.biblia.work\/sermones\/benedicto-xvi-bautiza-en-la-capilla-sixtina-a-9-ninas-y-a-11-ninos\/"},"modified":"2016-06-21T17:57:28","modified_gmt":"2016-06-21T22:57:28","slug":"benedicto-xvi-bautiza-en-la-capilla-sixtina-a-9-ninas-y-a-11-ninos","status":"publish","type":"post","link":"https:\/\/www.biblia.work\/sermones\/benedicto-xvi-bautiza-en-la-capilla-sixtina-a-9-ninas-y-a-11-ninos\/","title":{"rendered":"Benedicto XVI bautiza en la Capilla Sixtina a 9 ni\u00f1as y a 11 ni\u00f1os"},"content":{"rendered":"<p align=\"justify\">Tambi\u00e9n este a\u00f1o la alegre ternura de algunos ni\u00f1os reci\u00e9n nacidos, bautizados por Benedicto XVI &#8211; en un abrazo ideal a todos los ni\u00f1os del mundo \u2013 ilumin\u00f3 la solemnidad de la Capilla Sixtina, en la Fiesta del Bautismo del Se\u00f1or. Veinte beb\u00e9s de pocos meses, hijos de empleados vaticanos, como Agnese y Mar\u00eda Teresa, cuyos padres trabajan en nuestra emisora, siendo respectivamente, la primera hija de una compa\u00f1era del programa escandinavo y la segunda de un compa\u00f1ero del programa italiano.<\/p>\n<p align=\"justify\">Como es tradicional, al comienzo, el Papa dialog\u00f3 con los padres, que fueron respondiendo y dando a conocer el nombre elegido para estas 9 ni\u00f1as y 11 ni\u00f1os, momentos de gran emoci\u00f3n escuchemos&#8230;\u00a0\u00a0<\/p>\n<p align=\"justify\">Jes\u00fas ejerce sobre nosotros la acci\u00f3n liberadora del amor de Dios, destac\u00f3 el Papa en su homil\u00eda, que empez\u00f3 poniendo de relieve la alegr\u00eda de esta celebraci\u00f3n y la belleza y significado del Bautismo. Benedicto XVI hizo hincapi\u00e9 en \u00abla obra de Dios que Jes\u00fas quiere cumplir: la misi\u00f3n divina de curar a quien est\u00e1 herido y medicar a quien est\u00e1 enfermo, de tomar sobre s\u00ed el pecado del mundo\u00bb.<\/p>\n<p align=\"justify\">Benedicto XVI record\u00f3 asimismo que al recibir el Bautismo estos ni\u00f1os renacen como hijos de Dios, part\u00edcipes de la relaci\u00f3n filial que Jes\u00fas tiene con el Padre, capaces de dirigirse a Dios llam\u00e1ndolo con plena confidencia y confianza: \u201cAbb\u00e1, Padre\u201d. Insertados en esta relaci\u00f3n y liberados del pecado original, ellos se convierten en miembros vivos del \u00fanico cuerpo que es la Iglesia y capaces de vivir en plenitud su vocaci\u00f3n a la santidad, de modo que puedan heredar la vida eterna, obtenida gracias a la resurrecci\u00f3n de Jes\u00fas.<\/p>\n<p align=\"justify\">A los queridos padres, el Papa les se\u00f1al\u00f3 que al pedir el Bautismo para sus ni\u00f1os, manifiestan y testimonian su fe, la alegr\u00eda de ser cristianos y de pertenecer a la Iglesia. Y dirigi\u00e9ndose a los padrinos y madrinas les record\u00f3 el importante deber de sostener y ayudar a los padres en la obra educativa<br \/>\n(CdM &#8211; RV)<\/p>\n","protected":false},"excerpt":{"rendered":"<p>Tambi\u00e9n este a\u00f1o la alegre ternura de algunos ni\u00f1os reci\u00e9n nacidos, bautizados por Benedicto XVI &#8211; en un abrazo ideal a todos los ni\u00f1os del mundo \u2013 ilumin\u00f3 la solemnidad de la Capilla Sixtina, en la Fiesta del Bautismo del Se\u00f1or. Veinte beb\u00e9s de pocos meses, hijos de empleados vaticanos, como Agnese y Mar\u00eda Teresa, &hellip; <a href=\"https:\/\/www.biblia.work\/sermones\/benedicto-xvi-bautiza-en-la-capilla-sixtina-a-9-ninas-y-a-11-ninos\/\" class=\"more-link\">Continuar leyendo<span class=\"screen-reader-text\"> \u00abBenedicto XVI bautiza en la Capilla Sixtina a 9 ni\u00f1as y a 11 ni\u00f1os\u00bb<\/span><\/a><\/p>\n","protected":false},"author":1,"featured_media":0,"comment_status":"open","ping_status":"closed","sticky":false,"template":"","format":"standard","meta":{"footnotes":""},"categories":[1],"tags":[],"class_list":["post-38489","post","type-post","status-publish","format-standard","hentry","category-general"],"_links":{"self":[{"href":"https:\/\/www.biblia.work\/sermones\/wp-json\/wp\/v2\/posts\/38489","targetHints":{"allow":["GET"]}}],"collection":[{"href":"https:\/\/www.biblia.work\/sermones\/wp-json\/wp\/v2\/posts"}],"about":[{"href":"https:\/\/www.biblia.work\/sermones\/wp-json\/wp\/v2\/types\/post"}],"author":[{"embeddable":true,"href":"https:\/\/www.biblia.work\/sermones\/wp-json\/wp\/v2\/users\/1"}],"replies":[{"embeddable":true,"href":"https:\/\/www.biblia.work\/sermones\/wp-json\/wp\/v2\/comments?post=38489"}],"version-history":[{"count":0,"href":"https:\/\/www.biblia.work\/sermones\/wp-json\/wp\/v2\/posts\/38489\/revisions"}],"wp:attachment":[{"href":"https:\/\/www.biblia.work\/sermones\/wp-json\/wp\/v2\/media?parent=38489"}],"wp:term":[{"taxonomy":"category","embeddable":true,"href":"https:\/\/www.biblia.work\/sermones\/wp-json\/wp\/v2\/categories?post=38489"},{"taxonomy":"post_tag","embeddable":true,"href":"https:\/\/www.biblia.work\/sermones\/wp-json\/wp\/v2\/tags?post=38489"}],"curies":[{"name":"wp","href":"https:\/\/api.w.org\/{rel}","templated":true}]}}