{"id":38490,"date":"2016-06-21T17:57:39","date_gmt":"2016-06-21T22:57:39","guid":{"rendered":"http:\/\/www.biblia.work\/sermones\/el-papa-recibe-al-principe-alberto-de-monaco-y-su-esposa-la-princesa-charlene\/"},"modified":"2016-06-21T17:57:39","modified_gmt":"2016-06-21T22:57:39","slug":"el-papa-recibe-al-principe-alberto-de-monaco-y-su-esposa-la-princesa-charlene","status":"publish","type":"post","link":"https:\/\/www.biblia.work\/sermones\/el-papa-recibe-al-principe-alberto-de-monaco-y-su-esposa-la-princesa-charlene\/","title":{"rendered":"El Papa recibe al pr\u00edncipe Alberto de M\u00f3naco y su esposa, la princesa Charl\u00e9ne"},"content":{"rendered":"<p align=\"justify\">En la ma\u00f1ana del s\u00e1bado 12 de enero de 2013, el Papa Benedicto XVI ha recibido en audiencia al pr\u00edncipe Alberto II de M\u00f3naco, acompa\u00f1ado por su esposa, la princesa consorte Charl\u00e9ne.<\/p>\n<p align=\"justify\">Despu\u00e9s, el pr\u00edncipe se ha reunido con el cardenal Tarcisio Bertone, secretario de Estado del Vaticano, y el arzobispo Dominique Mamberti, secretario para las Relaciones con los Estados.<\/p>\n<p align=\"justify\">En el curso de los cordiales encuentros, se ha hablado de la signficativa contribuci\u00f3n de la Iglesia cat\u00f3lica en la vida social del Principado de M\u00f3naco y algunos temas de la actualidad internacional as\u00ed como en el deserrollo integral de los pueblos y la protecci\u00f3n de los recursos naturales y del medio ambiente.<\/p>\n","protected":false},"excerpt":{"rendered":"<p>En la ma\u00f1ana del s\u00e1bado 12 de enero de 2013, el Papa Benedicto XVI ha recibido en audiencia al pr\u00edncipe Alberto II de M\u00f3naco, acompa\u00f1ado por su esposa, la princesa consorte Charl\u00e9ne. Despu\u00e9s, el pr\u00edncipe se ha reunido con el cardenal Tarcisio Bertone, secretario de Estado del Vaticano, y el arzobispo Dominique Mamberti, secretario para &hellip; <a href=\"https:\/\/www.biblia.work\/sermones\/el-papa-recibe-al-principe-alberto-de-monaco-y-su-esposa-la-princesa-charlene\/\" class=\"more-link\">Continuar leyendo<span class=\"screen-reader-text\"> \u00abEl Papa recibe al pr\u00edncipe Alberto de M\u00f3naco y su esposa, la princesa Charl\u00e9ne\u00bb<\/span><\/a><\/p>\n","protected":false},"author":1,"featured_media":0,"comment_status":"open","ping_status":"closed","sticky":false,"template":"","format":"standard","meta":{"footnotes":""},"categories":[1],"tags":[],"class_list":["post-38490","post","type-post","status-publish","format-standard","hentry","category-general"],"_links":{"self":[{"href":"https:\/\/www.biblia.work\/sermones\/wp-json\/wp\/v2\/posts\/38490","targetHints":{"allow":["GET"]}}],"collection":[{"href":"https:\/\/www.biblia.work\/sermones\/wp-json\/wp\/v2\/posts"}],"about":[{"href":"https:\/\/www.biblia.work\/sermones\/wp-json\/wp\/v2\/types\/post"}],"author":[{"embeddable":true,"href":"https:\/\/www.biblia.work\/sermones\/wp-json\/wp\/v2\/users\/1"}],"replies":[{"embeddable":true,"href":"https:\/\/www.biblia.work\/sermones\/wp-json\/wp\/v2\/comments?post=38490"}],"version-history":[{"count":0,"href":"https:\/\/www.biblia.work\/sermones\/wp-json\/wp\/v2\/posts\/38490\/revisions"}],"wp:attachment":[{"href":"https:\/\/www.biblia.work\/sermones\/wp-json\/wp\/v2\/media?parent=38490"}],"wp:term":[{"taxonomy":"category","embeddable":true,"href":"https:\/\/www.biblia.work\/sermones\/wp-json\/wp\/v2\/categories?post=38490"},{"taxonomy":"post_tag","embeddable":true,"href":"https:\/\/www.biblia.work\/sermones\/wp-json\/wp\/v2\/tags?post=38490"}],"curies":[{"name":"wp","href":"https:\/\/api.w.org\/{rel}","templated":true}]}}